{"id":21887,"date":"2022-10-12T18:48:16","date_gmt":"2022-10-12T16:48:16","guid":{"rendered":"https:\/\/www.bajabikes.eu\/blog\/?p=21887"},"modified":"2023-12-12T08:21:36","modified_gmt":"2023-12-12T06:21:36","slug":"strand-valencia","status":"publish","type":"post","link":"https:\/\/www.bajabikes.eu\/blog\/de\/strand-valencia\/","title":{"rendered":"Str\u00e4nde in Valencia: Baden, Chillen, Genie\u00dfen in Cityn\u00e4he"},"content":{"rendered":"<p><strong>Str\u00e4nde in Valencia:<\/strong> M\u00f6chtest du dich von einem Stadtbummel, einer <a href=\"https:\/\/www.tiqets.com\/de\/tickets-bus-tours-valencia-l205316\/?partner=bajabikes&amp;tq_campaign=BlogDE-Strand-Valencia\" target=\"_blank\" rel=\"noopener\">Busrundfahrt<\/a>, einer <a href=\"https:\/\/www.bajabikes.eu\/de\/stadtfuhrung-valencia\/?utm_source=blog-de&amp;utm_medium=algemeen&amp;utm_campaign=valencia&amp;utm_content=tekst\" target=\"_blank\" rel=\"noopener\">Stadtf\u00fchrung oder Radtour<\/a> oder einer <a href=\"https:\/\/www.bajabikes.eu\/de\/stadtfuhrung-valencia\/?utm_source=blog-de&amp;utm_medium=algemeen&amp;utm_campaign=valencia&amp;utm_content=tekst\">Familientour<\/a> durch Valencia abk\u00fchlen? Im oder am Meer? \u00dcber das Jahr scheint die Sonne an rund 300 Tagen auf die so genannte Orangenstadt am Mittelmeer. Am Stadtstrand von Valencia mit seinen drei gro\u00dfen Strandabschnitten genie\u00dft du von Mai bis Ende September oft erstklassiges Badewetter.<\/p>\n<p><strong>Diese drei Str\u00e4nde fallen meist seicht ins Wasser ab.<\/strong><\/p>\n<p><a href=\"https:\/\/cdn.bajabikes.eu\/blog\/wp-content\/uploads\/2016\/01\/27160041\/La-Malvarossa-strand-in-Valencia.jpg\" data-rel=\"penci-gallery-image-content\" ><img fetchpriority=\"high\" decoding=\"async\" class=\"alignright wp-image-13016 size-full\" src=\"https:\/\/cdn.bajabikes.eu\/blog\/wp-content\/uploads\/2016\/01\/27160041\/La-Malvarossa-strand-in-Valencia.jpg\" alt=\"Malvarrosa Strand Valencia\" width=\"275\" height=\"183\" \/><\/a>Dem unbeschwerten Badespa\u00df f\u00fcr Gro\u00df und Klein steht also nichts im Wege. Die offizielle Badesaison geht in der Regel von Anfang\/Mitte Juni bis Anfang September. Die Stadtstr\u00e4nde werden sehr gut gepflegt und sind meistens sehr sauber. Las Arenas und Malvarrosa haben sogar eine eigene Metro-Tramstation.<\/p>\n<p>Du kannst dich in Valencia an diesen drei wundersch\u00f6nen <strong>Sandstr\u00e4nden<\/strong> erholen. Genau genommen ist es ein gro\u00dfer Strand, der sich in mehrere, lange Abschnitte aufteilt:<\/p>\n<h2>Las Arenas Strand in Valencia<\/h2>\n<p>Der Platja de las Arenas ist, zusammen mit dem benachbarten Platja del Cabanyal, der wohl beliebteste Abschnitt vom Strand in Valencia. An den vielen warmen, sonnigen Tagen ist es hier recht voll, weil Las Arenas so dicht am Zentrum von Valencia liegt. Aber Platz ist meistens genug: Der feinsandige Strand ist rund 1,2 Kilometer lang und mehrere hundert Meter breit. Du findest ihn zwischen dem Hafen und dem Hotel Las Arenas, wo sich der Strandabschnitt von Malvarrosa anschlie\u00dft.<\/p>\n<h3>Von der City direkt ans Meer<\/h3>\n<p>Am Strand von Las Arenas kannst du Sonnenliegen mieten. Zudem gibt es ein Tourismusb\u00fcro und Duschen. Der Strand ist fast ganzj\u00e4hrig ein beliebtes Ziel f\u00fcr Flaneure: Es gibt breite Boulevards mit Terrassencaf\u00e9s und Restaurants. Hier genie\u00dft du leckere Fischgerichte und echte Paella. Den Platja Las Arenas kannst du bequem zu Fu\u00df, per Tram (Linie 4 oder 6) oder mit dem Fahrrad erreichen.<\/p>\n<h2>Valencia La Malvarrosa<\/h2>\n<p>Dieser ebenfalls sch\u00f6ne Sandstrand grenzt n\u00f6rdlich an den Strand von Las Arenas. Er verl\u00e4uft vom Hotel Las Arenas bis zur Pier bei Patacona. Der <a href=\"https:\/\/www.visitvalencia.com\/de\/sehenswuerdigkeiten-valencia\/straende\/stadtstrand\/malvarrosa-strand\" target=\"_blank\" rel=\"noopener\">Strandabschnitt Malvarrosa<\/a> ist \u00e4hnlich weitl\u00e4ufig wie der von Las Arenas: sehr breit und etwa einen Kilometer lang. La Malvarrosa ist auch sehr beliebt und hat schon Literaten und Maler inspiriert.<\/p>\n<h3>Auch am Strand Valencia La Malvarrosa verteilt sich der gro\u00dfe Andrang<\/h3>\n<p>So hast du auch an hei\u00dfen Tagen meist genug Platz und brauchst nicht dicht an dicht mit anderen Sonnenanbetern zu liegen. Du kannst Sonnenliegen mieten, unter den Bastschirmen Schatten genie\u00dfen und an Duschen den Sand abduschen. Erfrischungen erh\u00e4ltst du an einem Strandkiosk.<\/p>\n<h3>Sport im feinen Sand oder im Wasser<\/h3>\n<p>Aktive k\u00f6nnen in einem Extrabereich windsurfen. Du kannst SUP-Boards oder Paddelboote mieten, an Fitness- oder Crossfitkursen teilnehmen. Oder hast du Lust auf eine Partie Beachvolleyball? G\u00e4ste mit Handicap k\u00f6nnen diesen Strand in Valencia direkt von der Promenade aus erreichen. Es gibt auch WCs f\u00fcr Rollstuhlfahrer.<\/p>\n<h3>An den Strand mit Fahrrad oder U-Bahn<\/h3>\n<p>Malvarrosa erreichst du per <a href=\"https:\/\/www.bajabikes.eu\/de\/fahrradverleih-valencia\/?utm_source=blog-de&amp;utm_medium=algemeen&amp;utm_campaign=valencia&amp;utm_content=tekst\" target=\"_blank\" rel=\"noopener\">Mietfahrrad<\/a> in rund 10-15 Minuten von der City von Valencia aus. Oder du nimmst die Tramvia, die Stra\u00dfenbahn der Linie 4 oder 6. Sie ist Bestandteil des Metronetzes von Valencia.<\/p>\n<h2>Patacona \u2013 fast eine Strandidylle im Norden von Valencia<\/h2>\n<p>Der Platja von Patacona liegt n\u00f6rdlich von La Malvarrosa, etwa 4 Kilometer nord\u00f6stlich der Innenstadt. Er wird n\u00f6rdlich vom S\u00e8quoia del Mar begrenzt, der die lange Strandlinie der Stadt Valencia abschlie\u00dft. Durch die Lage nord\u00f6stlich des Zentrum geht es an diesem Strandabschnitt meistens ruhiger zu.<\/p>\n<h3>Hier triffst du vor allem Einheimische, weniger Touristen<\/h3>\n<p>Im Sommer findest du am Strand von Patacona Chringuitos, die spanische Bezeichnung f\u00fcr Strandzelte, in denen Drinks oder leckeres Essen genossen werden. An der Av. Mare Nostrum findest du Restaurants und ein Eiscaf\u00e9. Den Strand von Patacona erreichst du mit dem Fahrrad oder mit dem Bus der Linie 2, 19, 31 oder 32.<\/p>\n<p><em>Baja Bikes Tipp:<\/em> Entspanne am Strand und suche dir in Ruhe aus, welche Sehensw\u00fcrdigkeiten du genauer ansehen m\u00f6chtest. Buche Tickets vorab, einfach digital zu deinem Wunschtermin. So vermeidest du Warteschlangen und startest deinen Valencia-Trip an &#8220;Strand, Meer und mehr&#8221; tiefenentspannt:<\/p>\n<div style=\"text-align:center\"><a href='https:\/\/www.tiqets.com\/de\/valencia-sehenswuerdigkeiten-c65847\/?partner=bajabikes&#038;tq_campaign=BlogDE-Strand-Valencia' class='pencisc-button pencisc-button__91569480 pencisc-align-center pencisc-large' target='_blank' style='background-color:#37ab46;border-color:#37ab46;color:#ffffff;'><i class=\"fa fa-ticket\"><\/i>Valencia Highlights Tickets Preise<\/a><\/div>\n<p>&nbsp;<\/p>\n","protected":false},"excerpt":{"rendered":"<p>Str\u00e4nde in Valencia: M\u00f6chtest du dich von einem Stadtbummel, einer Busrundfahrt, einer Stadtf\u00fchrung oder Radtour&hellip;<\/p>\n","protected":false},"author":26,"featured_media":13017,"comment_status":"closed","ping_status":"closed","sticky":false,"template":"","format":"standard","meta":{"_yoast_wpseo_focuskw":"Strand in Valencia","_yoast_wpseo_title":"%%page%% An den Strand in Valencia: in Cityn\u00e4he baden, chillen, genie\u00dfen","_yoast_wpseo_metadesc":"St\u00e4dtetrip mit Strandleben genie\u00dfen und in Valencia Kultur pur erleben, shoppen, feiern am Sandstrand erholen: die Top-Str\u00e4nde","_lmt_disableupdate":"","_lmt_disable":"","footnotes":""},"categories":[1083],"tags":[],"class_list":["post-21887","post","type-post","status-publish","format-standard","has-post-thumbnail","hentry","category-valencia-de"],"yoast_head":"<!-- This site is optimized with the Yoast SEO Premium plugin v27.3 (Yoast SEO v27.3) - https:\/\/yoast.com\/product\/yoast-seo-premium-wordpress\/ -->\n<title>An den Strand in Valencia: in Cityn\u00e4he baden, chillen, genie\u00dfen<\/title>\n<meta name=\"description\" content=\"St\u00e4dtetrip mit Strandleben genie\u00dfen und in Valencia Kultur pur erleben, shoppen, feiern am Sandstrand erholen: die Top-Str\u00e4nde\" \/>\n<meta name=\"robots\" content=\"index, follow, max-snippet:-1, max-image-preview:large, max-video-preview:-1\" \/>\n<link rel=\"canonical\" href=\"https:\/\/www.bajabikes.eu\/blog\/de\/strand-valencia\/\" \/>\n<meta property=\"og:locale\" content=\"de_DE\" \/>\n<meta property=\"og:type\" content=\"article\" \/>\n<meta property=\"og:title\" content=\"Str\u00e4nde in Valencia: Baden, Chillen, Genie\u00dfen in Cityn\u00e4he\" \/>\n<meta property=\"og:description\" content=\"St\u00e4dtetrip mit Strandleben genie\u00dfen und in Valencia Kultur pur erleben, shoppen, feiern am Sandstrand erholen: die Top-Str\u00e4nde\" \/>\n<meta property=\"og:url\" content=\"https:\/\/www.bajabikes.eu\/blog\/de\/strand-valencia\/\" \/>\n<meta property=\"og:site_name\" content=\"Blog | Tolle Tipps f\u00fcr deine St\u00e4dtetrips &amp; Urlaub\" \/>\n<meta property=\"article:publisher\" content=\"https:\/\/www.facebook.com\/Bajabikes.bcn\/?brand_redir=1198817846835600\" \/>\n<meta property=\"article:published_time\" content=\"2022-10-12T16:48:16+00:00\" \/>\n<meta property=\"article:modified_time\" content=\"2023-12-12T06:21:36+00:00\" \/>\n<meta property=\"og:image\" content=\"https:\/\/cdn.bajabikes.eu\/blog\/wp-content\/uploads\/2016\/01\/27160041\/Las-Arenas-strand-in-Valencia.jpg\" \/>\n\t<meta property=\"og:image:width\" content=\"640\" \/>\n\t<meta property=\"og:image:height\" content=\"404\" \/>\n\t<meta property=\"og:image:type\" content=\"image\/jpeg\" \/>\n<meta name=\"author\" content=\"Klaus Schneider\" \/>\n<meta name=\"twitter:label1\" content=\"Written by\" \/>\n\t<meta name=\"twitter:data1\" content=\"Klaus Schneider\" \/>\n\t<meta name=\"twitter:label2\" content=\"Est. reading time\" \/>\n\t<meta name=\"twitter:data2\" content=\"4 minutes\" \/>\n<script type=\"application\/ld+json\" class=\"yoast-schema-graph\">{\"@context\":\"https:\\\/\\\/schema.org\",\"@graph\":[{\"@type\":\"Article\",\"@id\":\"https:\\\/\\\/www.bajabikes.eu\\\/blog\\\/de\\\/strand-valencia\\\/#article\",\"isPartOf\":{\"@id\":\"https:\\\/\\\/www.bajabikes.eu\\\/blog\\\/de\\\/strand-valencia\\\/\"},\"author\":{\"name\":\"Klaus Schneider\",\"@id\":\"https:\\\/\\\/www.bajabikes.eu\\\/blog\\\/nl\\\/#\\\/schema\\\/person\\\/79288335eca8a97b2befff0931d30b90\"},\"headline\":\"Str\u00e4nde in Valencia: Baden, Chillen, Genie\u00dfen in Cityn\u00e4he\",\"datePublished\":\"2022-10-12T16:48:16+00:00\",\"dateModified\":\"2023-12-12T06:21:36+00:00\",\"mainEntityOfPage\":{\"@id\":\"https:\\\/\\\/www.bajabikes.eu\\\/blog\\\/de\\\/strand-valencia\\\/\"},\"wordCount\":728,\"publisher\":{\"@id\":\"https:\\\/\\\/www.bajabikes.eu\\\/blog\\\/nl\\\/#organization\"},\"image\":{\"@id\":\"https:\\\/\\\/www.bajabikes.eu\\\/blog\\\/de\\\/strand-valencia\\\/#primaryimage\"},\"thumbnailUrl\":\"https:\\\/\\\/cdn.bajabikes.eu\\\/blog\\\/wp-content\\\/uploads\\\/2016\\\/01\\\/27160041\\\/Las-Arenas-strand-in-Valencia.jpg\",\"articleSection\":[\"Valencia\"],\"inLanguage\":\"de\"},{\"@type\":\"WebPage\",\"@id\":\"https:\\\/\\\/www.bajabikes.eu\\\/blog\\\/de\\\/strand-valencia\\\/\",\"url\":\"https:\\\/\\\/www.bajabikes.eu\\\/blog\\\/de\\\/strand-valencia\\\/\",\"name\":\"An den Strand in Valencia: in Cityn\u00e4he baden, chillen, genie\u00dfen\",\"isPartOf\":{\"@id\":\"https:\\\/\\\/www.bajabikes.eu\\\/blog\\\/nl\\\/#website\"},\"primaryImageOfPage\":{\"@id\":\"https:\\\/\\\/www.bajabikes.eu\\\/blog\\\/de\\\/strand-valencia\\\/#primaryimage\"},\"image\":{\"@id\":\"https:\\\/\\\/www.bajabikes.eu\\\/blog\\\/de\\\/strand-valencia\\\/#primaryimage\"},\"thumbnailUrl\":\"https:\\\/\\\/cdn.bajabikes.eu\\\/blog\\\/wp-content\\\/uploads\\\/2016\\\/01\\\/27160041\\\/Las-Arenas-strand-in-Valencia.jpg\",\"datePublished\":\"2022-10-12T16:48:16+00:00\",\"dateModified\":\"2023-12-12T06:21:36+00:00\",\"description\":\"St\u00e4dtetrip mit Strandleben genie\u00dfen und in Valencia Kultur pur erleben, shoppen, feiern am Sandstrand erholen: die Top-Str\u00e4nde\",\"breadcrumb\":{\"@id\":\"https:\\\/\\\/www.bajabikes.eu\\\/blog\\\/de\\\/strand-valencia\\\/#breadcrumb\"},\"inLanguage\":\"de\",\"potentialAction\":[{\"@type\":\"ReadAction\",\"target\":[\"https:\\\/\\\/www.bajabikes.eu\\\/blog\\\/de\\\/strand-valencia\\\/\"]}]},{\"@type\":\"ImageObject\",\"inLanguage\":\"de\",\"@id\":\"https:\\\/\\\/www.bajabikes.eu\\\/blog\\\/de\\\/strand-valencia\\\/#primaryimage\",\"url\":\"https:\\\/\\\/cdn.bajabikes.eu\\\/blog\\\/wp-content\\\/uploads\\\/2016\\\/01\\\/27160041\\\/Las-Arenas-strand-in-Valencia.jpg\",\"contentUrl\":\"https:\\\/\\\/cdn.bajabikes.eu\\\/blog\\\/wp-content\\\/uploads\\\/2016\\\/01\\\/27160041\\\/Las-Arenas-strand-in-Valencia.jpg\",\"width\":640,\"height\":404,\"caption\":\"Las Arenas Strand Valencia\"},{\"@type\":\"BreadcrumbList\",\"@id\":\"https:\\\/\\\/www.bajabikes.eu\\\/blog\\\/de\\\/strand-valencia\\\/#breadcrumb\",\"itemListElement\":[{\"@type\":\"ListItem\",\"position\":1,\"name\":\"Home\",\"item\":\"https:\\\/\\\/www.bajabikes.eu\\\/blog\\\/nl\\\/\"},{\"@type\":\"ListItem\",\"position\":2,\"name\":\"Str\u00e4nde in Valencia: Baden, Chillen, Genie\u00dfen in Cityn\u00e4he\"}]},{\"@type\":\"WebSite\",\"@id\":\"https:\\\/\\\/www.bajabikes.eu\\\/blog\\\/nl\\\/#website\",\"url\":\"https:\\\/\\\/www.bajabikes.eu\\\/blog\\\/nl\\\/\",\"name\":\"Citytrip blog vol tips. Ontdek wereldsteden op de fiets met gids!\",\"description\":\"Erlebe die sch\u00f6nsten Reiseziele mit den Tipps von Baja Bikes\",\"publisher\":{\"@id\":\"https:\\\/\\\/www.bajabikes.eu\\\/blog\\\/nl\\\/#organization\"},\"potentialAction\":[{\"@type\":\"SearchAction\",\"target\":{\"@type\":\"EntryPoint\",\"urlTemplate\":\"https:\\\/\\\/www.bajabikes.eu\\\/blog\\\/nl\\\/?s={search_term_string}\"},\"query-input\":{\"@type\":\"PropertyValueSpecification\",\"valueRequired\":true,\"valueName\":\"search_term_string\"}}],\"inLanguage\":\"de\"},{\"@type\":\"Organization\",\"@id\":\"https:\\\/\\\/www.bajabikes.eu\\\/blog\\\/nl\\\/#organization\",\"name\":\"Baja Bikes\",\"alternateName\":\"Baja Bikes Fietstours\",\"url\":\"https:\\\/\\\/www.bajabikes.eu\\\/blog\\\/nl\\\/\",\"logo\":{\"@type\":\"ImageObject\",\"inLanguage\":\"de\",\"@id\":\"https:\\\/\\\/www.bajabikes.eu\\\/blog\\\/nl\\\/#\\\/schema\\\/logo\\\/image\\\/\",\"url\":\"https:\\\/\\\/cdn.bajabikes.eu\\\/blog\\\/wp-content\\\/uploads\\\/2016\\\/03\\\/27160021\\\/Logo-Facebook.jpg\",\"contentUrl\":\"https:\\\/\\\/cdn.bajabikes.eu\\\/blog\\\/wp-content\\\/uploads\\\/2016\\\/03\\\/27160021\\\/Logo-Facebook.jpg\",\"width\":546,\"height\":546,\"caption\":\"Baja Bikes\"},\"image\":{\"@id\":\"https:\\\/\\\/www.bajabikes.eu\\\/blog\\\/nl\\\/#\\\/schema\\\/logo\\\/image\\\/\"},\"sameAs\":[\"https:\\\/\\\/www.facebook.com\\\/Bajabikes.bcn\\\/?brand_redir=1198817846835600\",\"https:\\\/\\\/x.com\\\/bajabikes\",\"https:\\\/\\\/www.instagram.com\\\/bajabikes\\\/?hl=nl\"],\"description\":\"Baja Bikes is de marktleider in Nederlandstalige en internationale fietstours in meer dan 200 steden wereldwijd. Sinds 2005 maken we het voor reizigers makkelijk om een stad te ontdekken met een lokale gids op de fiets. Of je nu reist met je gezin, partner of in een groep, wij bieden veilige, informatieve en leuke tours die starten in het hart van de stad. Onze tours zijn online te boeken met gegarandeerde starttijden.\",\"email\":\"info@bajabikes.eu\",\"telephone\":\"+34646252199\",\"legalName\":\"CITYTOURS & DREAMS, SL\",\"foundingDate\":\"2005-01-06\",\"vatID\":\"ESB64877202\",\"numberOfEmployees\":{\"@type\":\"QuantitativeValue\",\"minValue\":\"1\",\"maxValue\":\"10\"}},{\"@type\":\"Person\",\"@id\":\"https:\\\/\\\/www.bajabikes.eu\\\/blog\\\/nl\\\/#\\\/schema\\\/person\\\/79288335eca8a97b2befff0931d30b90\",\"name\":\"Klaus Schneider\",\"image\":{\"@type\":\"ImageObject\",\"inLanguage\":\"de\",\"@id\":\"https:\\\/\\\/secure.gravatar.com\\\/avatar\\\/cc54f33aef19682653373b89151abc1448decc996c8bfec08969aea615d39f33?s=96&d=mm&r=g\",\"url\":\"https:\\\/\\\/secure.gravatar.com\\\/avatar\\\/cc54f33aef19682653373b89151abc1448decc996c8bfec08969aea615d39f33?s=96&d=mm&r=g\",\"contentUrl\":\"https:\\\/\\\/secure.gravatar.com\\\/avatar\\\/cc54f33aef19682653373b89151abc1448decc996c8bfec08969aea615d39f33?s=96&d=mm&r=g\",\"caption\":\"Klaus Schneider\"},\"description\":\"Good content is inspiration and information for the user who wants to experience great cities.\",\"url\":\"https:\\\/\\\/www.bajabikes.eu\\\/blog\\\/de\\\/author\\\/klaus-schneider\\\/\"}]}<\/script>\n<!-- \/ Yoast SEO Premium plugin. -->","yoast_head_json":{"title":"An den Strand in Valencia: in Cityn\u00e4he baden, chillen, genie\u00dfen","description":"St\u00e4dtetrip mit Strandleben genie\u00dfen und in Valencia Kultur pur erleben, shoppen, feiern am Sandstrand erholen: die Top-Str\u00e4nde","robots":{"index":"index","follow":"follow","max-snippet":"max-snippet:-1","max-image-preview":"max-image-preview:large","max-video-preview":"max-video-preview:-1"},"canonical":"https:\/\/www.bajabikes.eu\/blog\/de\/strand-valencia\/","og_locale":"de_DE","og_type":"article","og_title":"Str\u00e4nde in Valencia: Baden, Chillen, Genie\u00dfen in Cityn\u00e4he","og_description":"St\u00e4dtetrip mit Strandleben genie\u00dfen und in Valencia Kultur pur erleben, shoppen, feiern am Sandstrand erholen: die Top-Str\u00e4nde","og_url":"https:\/\/www.bajabikes.eu\/blog\/de\/strand-valencia\/","og_site_name":"Blog | Tolle Tipps f\u00fcr deine St\u00e4dtetrips & Urlaub","article_publisher":"https:\/\/www.facebook.com\/Bajabikes.bcn\/?brand_redir=1198817846835600","article_published_time":"2022-10-12T16:48:16+00:00","article_modified_time":"2023-12-12T06:21:36+00:00","og_image":[{"width":640,"height":404,"url":"https:\/\/cdn.bajabikes.eu\/blog\/wp-content\/uploads\/2016\/01\/27160041\/Las-Arenas-strand-in-Valencia.jpg","type":"image\/jpeg"}],"author":"Klaus Schneider","twitter_misc":{"Written by":"Klaus Schneider","Est. reading time":"4 minutes"},"schema":{"@context":"https:\/\/schema.org","@graph":[{"@type":"Article","@id":"https:\/\/www.bajabikes.eu\/blog\/de\/strand-valencia\/#article","isPartOf":{"@id":"https:\/\/www.bajabikes.eu\/blog\/de\/strand-valencia\/"},"author":{"name":"Klaus Schneider","@id":"https:\/\/www.bajabikes.eu\/blog\/nl\/#\/schema\/person\/79288335eca8a97b2befff0931d30b90"},"headline":"Str\u00e4nde in Valencia: Baden, Chillen, Genie\u00dfen in Cityn\u00e4he","datePublished":"2022-10-12T16:48:16+00:00","dateModified":"2023-12-12T06:21:36+00:00","mainEntityOfPage":{"@id":"https:\/\/www.bajabikes.eu\/blog\/de\/strand-valencia\/"},"wordCount":728,"publisher":{"@id":"https:\/\/www.bajabikes.eu\/blog\/nl\/#organization"},"image":{"@id":"https:\/\/www.bajabikes.eu\/blog\/de\/strand-valencia\/#primaryimage"},"thumbnailUrl":"https:\/\/cdn.bajabikes.eu\/blog\/wp-content\/uploads\/2016\/01\/27160041\/Las-Arenas-strand-in-Valencia.jpg","articleSection":["Valencia"],"inLanguage":"de"},{"@type":"WebPage","@id":"https:\/\/www.bajabikes.eu\/blog\/de\/strand-valencia\/","url":"https:\/\/www.bajabikes.eu\/blog\/de\/strand-valencia\/","name":"An den Strand in Valencia: in Cityn\u00e4he baden, chillen, genie\u00dfen","isPartOf":{"@id":"https:\/\/www.bajabikes.eu\/blog\/nl\/#website"},"primaryImageOfPage":{"@id":"https:\/\/www.bajabikes.eu\/blog\/de\/strand-valencia\/#primaryimage"},"image":{"@id":"https:\/\/www.bajabikes.eu\/blog\/de\/strand-valencia\/#primaryimage"},"thumbnailUrl":"https:\/\/cdn.bajabikes.eu\/blog\/wp-content\/uploads\/2016\/01\/27160041\/Las-Arenas-strand-in-Valencia.jpg","datePublished":"2022-10-12T16:48:16+00:00","dateModified":"2023-12-12T06:21:36+00:00","description":"St\u00e4dtetrip mit Strandleben genie\u00dfen und in Valencia Kultur pur erleben, shoppen, feiern am Sandstrand erholen: die Top-Str\u00e4nde","breadcrumb":{"@id":"https:\/\/www.bajabikes.eu\/blog\/de\/strand-valencia\/#breadcrumb"},"inLanguage":"de","potentialAction":[{"@type":"ReadAction","target":["https:\/\/www.bajabikes.eu\/blog\/de\/strand-valencia\/"]}]},{"@type":"ImageObject","inLanguage":"de","@id":"https:\/\/www.bajabikes.eu\/blog\/de\/strand-valencia\/#primaryimage","url":"https:\/\/cdn.bajabikes.eu\/blog\/wp-content\/uploads\/2016\/01\/27160041\/Las-Arenas-strand-in-Valencia.jpg","contentUrl":"https:\/\/cdn.bajabikes.eu\/blog\/wp-content\/uploads\/2016\/01\/27160041\/Las-Arenas-strand-in-Valencia.jpg","width":640,"height":404,"caption":"Las Arenas Strand Valencia"},{"@type":"BreadcrumbList","@id":"https:\/\/www.bajabikes.eu\/blog\/de\/strand-valencia\/#breadcrumb","itemListElement":[{"@type":"ListItem","position":1,"name":"Home","item":"https:\/\/www.bajabikes.eu\/blog\/nl\/"},{"@type":"ListItem","position":2,"name":"Str\u00e4nde in Valencia: Baden, Chillen, Genie\u00dfen in Cityn\u00e4he"}]},{"@type":"WebSite","@id":"https:\/\/www.bajabikes.eu\/blog\/nl\/#website","url":"https:\/\/www.bajabikes.eu\/blog\/nl\/","name":"Citytrip blog vol tips. Ontdek wereldsteden op de fiets met gids!","description":"Erlebe die sch\u00f6nsten Reiseziele mit den Tipps von Baja Bikes","publisher":{"@id":"https:\/\/www.bajabikes.eu\/blog\/nl\/#organization"},"potentialAction":[{"@type":"SearchAction","target":{"@type":"EntryPoint","urlTemplate":"https:\/\/www.bajabikes.eu\/blog\/nl\/?s={search_term_string}"},"query-input":{"@type":"PropertyValueSpecification","valueRequired":true,"valueName":"search_term_string"}}],"inLanguage":"de"},{"@type":"Organization","@id":"https:\/\/www.bajabikes.eu\/blog\/nl\/#organization","name":"Baja Bikes","alternateName":"Baja Bikes Fietstours","url":"https:\/\/www.bajabikes.eu\/blog\/nl\/","logo":{"@type":"ImageObject","inLanguage":"de","@id":"https:\/\/www.bajabikes.eu\/blog\/nl\/#\/schema\/logo\/image\/","url":"https:\/\/cdn.bajabikes.eu\/blog\/wp-content\/uploads\/2016\/03\/27160021\/Logo-Facebook.jpg","contentUrl":"https:\/\/cdn.bajabikes.eu\/blog\/wp-content\/uploads\/2016\/03\/27160021\/Logo-Facebook.jpg","width":546,"height":546,"caption":"Baja Bikes"},"image":{"@id":"https:\/\/www.bajabikes.eu\/blog\/nl\/#\/schema\/logo\/image\/"},"sameAs":["https:\/\/www.facebook.com\/Bajabikes.bcn\/?brand_redir=1198817846835600","https:\/\/x.com\/bajabikes","https:\/\/www.instagram.com\/bajabikes\/?hl=nl"],"description":"Baja Bikes is de marktleider in Nederlandstalige en internationale fietstours in meer dan 200 steden wereldwijd. Sinds 2005 maken we het voor reizigers makkelijk om een stad te ontdekken met een lokale gids op de fiets. Of je nu reist met je gezin, partner of in een groep, wij bieden veilige, informatieve en leuke tours die starten in het hart van de stad. Onze tours zijn online te boeken met gegarandeerde starttijden.","email":"info@bajabikes.eu","telephone":"+34646252199","legalName":"CITYTOURS & DREAMS, SL","foundingDate":"2005-01-06","vatID":"ESB64877202","numberOfEmployees":{"@type":"QuantitativeValue","minValue":"1","maxValue":"10"}},{"@type":"Person","@id":"https:\/\/www.bajabikes.eu\/blog\/nl\/#\/schema\/person\/79288335eca8a97b2befff0931d30b90","name":"Klaus Schneider","image":{"@type":"ImageObject","inLanguage":"de","@id":"https:\/\/secure.gravatar.com\/avatar\/cc54f33aef19682653373b89151abc1448decc996c8bfec08969aea615d39f33?s=96&d=mm&r=g","url":"https:\/\/secure.gravatar.com\/avatar\/cc54f33aef19682653373b89151abc1448decc996c8bfec08969aea615d39f33?s=96&d=mm&r=g","contentUrl":"https:\/\/secure.gravatar.com\/avatar\/cc54f33aef19682653373b89151abc1448decc996c8bfec08969aea615d39f33?s=96&d=mm&r=g","caption":"Klaus Schneider"},"description":"Good content is inspiration and information for the user who wants to experience great cities.","url":"https:\/\/www.bajabikes.eu\/blog\/de\/author\/klaus-schneider\/"}]}},"_links":{"self":[{"href":"https:\/\/www.bajabikes.eu\/blog\/de\/wp-json\/wp\/v2\/posts\/21887","targetHints":{"allow":["GET"]}}],"collection":[{"href":"https:\/\/www.bajabikes.eu\/blog\/de\/wp-json\/wp\/v2\/posts"}],"about":[{"href":"https:\/\/www.bajabikes.eu\/blog\/de\/wp-json\/wp\/v2\/types\/post"}],"author":[{"embeddable":true,"href":"https:\/\/www.bajabikes.eu\/blog\/de\/wp-json\/wp\/v2\/users\/26"}],"replies":[{"embeddable":true,"href":"https:\/\/www.bajabikes.eu\/blog\/de\/wp-json\/wp\/v2\/comments?post=21887"}],"version-history":[{"count":0,"href":"https:\/\/www.bajabikes.eu\/blog\/de\/wp-json\/wp\/v2\/posts\/21887\/revisions"}],"wp:featuredmedia":[{"embeddable":true,"href":"https:\/\/www.bajabikes.eu\/blog\/de\/wp-json\/wp\/v2\/media\/13017"}],"wp:attachment":[{"href":"https:\/\/www.bajabikes.eu\/blog\/de\/wp-json\/wp\/v2\/media?parent=21887"}],"wp:term":[{"taxonomy":"category","embeddable":true,"href":"https:\/\/www.bajabikes.eu\/blog\/de\/wp-json\/wp\/v2\/categories?post=21887"},{"taxonomy":"post_tag","embeddable":true,"href":"https:\/\/www.bajabikes.eu\/blog\/de\/wp-json\/wp\/v2\/tags?post=21887"}],"curies":[{"name":"wp","href":"https:\/\/api.w.org\/{rel}","templated":true}]}}