{"id":22860,"date":"2023-04-30T10:20:31","date_gmt":"2023-04-30T08:20:31","guid":{"rendered":"https:\/\/www.bajabikes.eu\/blog\/?p=22860"},"modified":"2024-11-05T12:35:40","modified_gmt":"2024-11-05T10:35:40","slug":"staedtereise-malaga","status":"publish","type":"post","link":"https:\/\/www.bajabikes.eu\/blog\/de\/staedtereise-malaga\/","title":{"rendered":"St\u00e4dtereise M\u00e1laga"},"content":{"rendered":"<p><strong>St\u00e4dtereise M\u00e1laga:<\/strong> An der Costa del Sol, der Sonnenk\u00fcste in Andalusien, erreichst du die zweitgr\u00f6\u00dfte Stadt Andalusiens und sechstgr\u00f6\u00dfte Stadt Spaniens. Die pulsierende Stadt ist voller historischer Bauwerke. Auch ihre Stadtstr\u00e4nde machen sie zu einem beliebten Ziel f\u00fcr Touristen. Oder machst du in Marbella, Torremolinos, Nerja oder anderswo an der Costa del Sol Urlaub? Wenn du dann bei einer kurzen St\u00e4dtereise M\u00e1laga besuchst, bieten dir die vielen <a href=\"https:\/\/www.bajabikes.eu\/blog\/de\/malaga-sehenswuerdigkeiten\/\" target=\"_blank\" rel=\"noopener\">Sehensw\u00fcrdigkeiten<\/a> eine Abwechslung zu den entspannten Strandtagen.<\/p>\n<h2>Wie lange fliegt man nach M\u00e1laga?<\/h2>\n<p><a href=\"https:\/\/cdn.bajabikes.eu\/blog\/wp-content\/uploads\/2022\/10\/19090302\/malaga-airport-1132629_640.jpg\" data-rel=\"penci-gallery-image-content\" ><img decoding=\"async\" class=\"alignright size-medium wp-image-22867\" src=\"https:\/\/cdn.bajabikes.eu\/blog\/wp-content\/uploads\/2022\/10\/19090302\/malaga-airport-1132629_640-300x153.jpg\" alt=\"M\u00e1laga Flughafen\" width=\"300\" height=\"153\" srcset=\"https:\/\/cdn.bajabikes.eu\/blog\/wp-content\/uploads\/2022\/10\/19090302\/malaga-airport-1132629_640-300x153.jpg 300w, https:\/\/cdn.bajabikes.eu\/blog\/wp-content\/uploads\/2022\/10\/19090302\/malaga-airport-1132629_640-585x298.jpg 585w, https:\/\/cdn.bajabikes.eu\/blog\/wp-content\/uploads\/2022\/10\/19090302\/malaga-airport-1132629_640.jpg 640w\" sizes=\"(max-width: 300px) 100vw, 300px\" \/><\/a>Die s\u00fcdspanische Stadt ist nur einen rund dreist\u00fcndigen Direktflug Deutschland entfernt. Deutsche und spanische Linien- oder Charter-Airlines fliegen von mehreren deutschen St\u00e4dten direkt nach M\u00e1laga.<\/p>\n<p>Der Aeropuerto de M\u00e1laga Costa del Sol z\u00e4hlt, zusammen mit Palma de Mallorca, zu den nach Barcelona und Madrid <a href=\"https:\/\/www.laenderdaten.info\/Europa\/Spanien\/flughafen.php\" target=\"_blank\" rel=\"noopener\">gr\u00f6\u00dften Flugh\u00e4fen Spaniens<\/a>.<\/p>\n<h2>Wie komme ich vom Flughafen in die Stadt?<\/h2>\n<p>Mit der S-Bahn Linie C-1 von Fuengirola nach M\u00e1laga hinein gelangst du in ungef\u00e4hr 15 Minuten vom Airport in die City (drei Stationen bis M\u00e1laga Maria Zambrano, vier bis M\u00e1laga Centro Almeda). Der Fahrpreis f\u00fcr eine Fahrt betr\u00e4gt derzeit etwa 4 Euro. Ticketautomaten sind an der Station. <a href=\"https:\/\/www.malagaairport.eu\/airport\/airport-trains.php\" target=\"_blank\" rel=\"noopener\">Hier<\/a> findest du mehr Infos.<\/p>\n<p>Auch in Badeorte der Costa del Sol wie Torremolinos oder Ben\u00e1lmaldena bei M\u00e1laga gelangst du mit dieser Bahn vom Airport aus: auch mit der Linie C-1, aber stadtausw\u00e4rts, also in die andere Fahrtrichtung, in Richtung Endstation Fuengirola.<\/p>\n<h2>Klimafreundlich per Bahn nach M\u00e1laga: geht das?<\/h2>\n<p>Ja! Knapp 1.000 Kilometer in nur rund 6 Stunden &#8211; das schaffen die AVE Hochgeschwindigkeitsz\u00fcge der spanischen Bahn RENFE, angetrieben mit nachhaltig erzeugtem Strom! Du kannst zum Beispiel deine Andalusien- und M\u00e1laga-Tour mit einem Tag in <a href=\"https:\/\/www.bajabikes.eu\/blog\/de\/madrid-an-einem-tag\/\" target=\"_blank\" rel=\"noopener\">Madrid<\/a> verbinden. Vom Bahnhof Madrid Atocha braucht der AVE nur etwa drei Stunden zum Hauptbahnhof M\u00e1laga Maria Zambrano.<\/p>\n<p>Oder, selbst ausprobiert: Von Baden-W\u00fcrttemberg (via Basel) oder NRW (via Paris) reist du, mit einem spannenden Tag Pause in <a href=\"https:\/\/www.bajabikes.eu\/blog\/de\/barcelona-sehenswuerdigkeiten\/\" target=\"_blank\" rel=\"noopener\">Barcelona<\/a>, per Bahn nach Andalusien. Von Barcelona Sants f\u00e4hrt der AVE circa sechs Stunden nach M\u00e1laga.<\/p>\n<p><a href=\"https:\/\/cdn.bajabikes.eu\/blog\/wp-content\/uploads\/2022\/10\/30094755\/renfe-2400812_640.jpg\" data-rel=\"penci-gallery-image-content\" ><img decoding=\"async\" class=\"alignright wp-image-29023 size-medium\" src=\"https:\/\/cdn.bajabikes.eu\/blog\/wp-content\/uploads\/2022\/10\/30094755\/renfe-2400812_640-300x150.jpg\" alt=\"AVE Hochgeschwindigkeitszug in Spanien und weitere Z\u00fcge der RENFE, der spanischen Bahn\" width=\"300\" height=\"150\" srcset=\"https:\/\/cdn.bajabikes.eu\/blog\/wp-content\/uploads\/2022\/10\/30094755\/renfe-2400812_640-300x150.jpg 300w, https:\/\/cdn.bajabikes.eu\/blog\/wp-content\/uploads\/2022\/10\/30094755\/renfe-2400812_640.jpg 451w\" sizes=\"(max-width: 300px) 100vw, 300px\" \/><\/a>Die Fahrt mit dem AVE der RENFE ist nicht nur umweltfreundlich, leise und entspannt. Durch das Zugfenster schaust du auch auf grandiose spanische Landschaftspanoramen!<\/p>\n<p><a href=\"https:\/\/www.renfe.com\/es\/en\/viajar\/informacion-util\/horarios\" target=\"_blank\" rel=\"noopener\">Hier<\/a> auf der englischsprachigen Webseite der Bahn kannst du Fahrzeiten, Preise und Tickets klarmachen.<\/p>\n<p>Und f\u00fcr die Andalusien-Rundreise mit Hochgeschwindigkeits- oder Schnellzug: Nach <a href=\"https:\/\/www.bajabikes.eu\/blog\/de\/sevilla-an-einem-tag\/\" target=\"_blank\" rel=\"noopener\">Sevilla<\/a> sind es von M\u00e1laga Maria Zambrano nur zwei Zugstunden, nach Cordoba und Granada noch weniger.<\/p>\n<h2>Wie ist das Klima in M\u00e1laga?<\/h2>\n<p>Die Costa del Sol tr\u00e4gt ihren Namen zu Recht: Von April bis September kannst du mit 8 bis 11 Sonnenstunden pro Tag rechnen. Die Temperaturen fallen tags\u00fcber selten unter 20 bis 25 Grad. Im Juli und August wird es mit \u00fcber 30 Grad oft sehr hei\u00df.<\/p>\n<blockquote><p>M\u00e1laga ist ein Ganzjahres-Reiseziel<\/p><\/blockquote>\n<p>Ab Oktober wird es etwas k\u00fchler und es gibt weniger Touristen in M\u00e1laga. F\u00fcr eine St\u00e4dtereise M\u00e1laga oder f\u00fcr das &#8220;\u00dcberwintern&#8221; bieten sich auch die Herbst- und Wintermonate an: Es regnet nur an etwa einem F\u00fcnftel der Tage, und die Temperaturen liegen tags\u00fcber meist bei angenehmen 15 bis 20 Grad.<\/p>\n<h2>Was muss ich in M\u00e1laga ansehen?<\/h2>\n<p><a href=\"https:\/\/cdn.bajabikes.eu\/blog\/wp-content\/uploads\/2022\/10\/19090334\/malaga-117577_640.jpg\" data-rel=\"penci-gallery-image-content\" ><img fetchpriority=\"high\" decoding=\"async\" class=\"alignright size-medium wp-image-22869\" src=\"https:\/\/cdn.bajabikes.eu\/blog\/wp-content\/uploads\/2022\/10\/19090334\/malaga-117577_640-300x225.jpg\" alt=\"M\u00e1laga Sehensw\u00fcrdigkeiten Kathedrale\" width=\"300\" height=\"225\" srcset=\"https:\/\/cdn.bajabikes.eu\/blog\/wp-content\/uploads\/2022\/10\/19090334\/malaga-117577_640-300x225.jpg 300w, https:\/\/cdn.bajabikes.eu\/blog\/wp-content\/uploads\/2022\/10\/19090334\/malaga-117577_640-585x439.jpg 585w, https:\/\/cdn.bajabikes.eu\/blog\/wp-content\/uploads\/2022\/10\/19090334\/malaga-117577_640.jpg 640w\" sizes=\"(max-width: 300px) 100vw, 300px\" \/><\/a>Die Kathedrale von M\u00e1laga, das altr\u00f6mische Theater, den maurischen Festungs- und Palastkomplex Alcazaba, den Strand La Malagueta, das Carmen-Thyssen- und Pablo-Picasso-Museum&#8230;<\/p>\n<p>Erfahre mehr dar\u00fcber in unserem Blog \u00fcber <a href=\"https:\/\/www.bajabikes.eu\/blog\/de\/malaga-sehenswuerdigkeiten\/\" target=\"_blank\" rel=\"noopener\">Top Sehensw\u00fcrdigkeiten in M\u00e1laga<\/a>.<\/p>\n<p>Dort erf\u00e4hrst du auch, auf welchem sch\u00f6nen Platz in M\u00e1laga du ein &#8220;Selfie mit Picasso&#8221; machen kannst.<\/p>\n<p>Und hier kannst du <a href=\"https:\/\/www.tiqets.com\/de\/malaga-sehenswuerdigkeiten-c32\/?partner=bajabikes&amp;tq_campaign=BlogDE-Citytrip-Malaga\" target=\"_blank\" rel=\"noopener\">Tickets f\u00fcr Sehensw\u00fcrdigkeiten<\/a> buchen, um Wartezeiten zu vermeiden.<\/p>\n<h2>Wo kann ich in M\u00e1laga gut shoppen und genie\u00dfen?<\/h2>\n<p>Das Centro Hist\u00f3rico, das historische Zentrum von M\u00e1laga, ist eine Sehensw\u00fcrdigkeit f\u00fcr sich. Hier kannst du durch die engen Gassen schlendern, die sch\u00f6nen Geb\u00e4ude bewundern und einen guten Kaffee, ein Bier, Cocktail oder heimischen Wein genie\u00dfen.<\/p>\n<p><a href=\"https:\/\/cdn.bajabikes.eu\/blog\/wp-content\/uploads\/2022\/10\/19090859\/gazpacho-6480445_640.jpg\" data-rel=\"penci-gallery-image-content\" ><img loading=\"lazy\" decoding=\"async\" class=\"alignright size-medium wp-image-22872\" src=\"https:\/\/cdn.bajabikes.eu\/blog\/wp-content\/uploads\/2022\/10\/19090859\/gazpacho-6480445_640-269x300.jpg\" alt=\"Gazpacho\" width=\"269\" height=\"300\" srcset=\"https:\/\/cdn.bajabikes.eu\/blog\/wp-content\/uploads\/2022\/10\/19090859\/gazpacho-6480445_640-269x300.jpg 269w, https:\/\/cdn.bajabikes.eu\/blog\/wp-content\/uploads\/2022\/10\/19090859\/gazpacho-6480445_640.jpg 574w\" sizes=\"(max-width: 269px) 100vw, 269px\" \/><\/a>Freue dich in den gem\u00fctlichen Restaurants auf Gazpacho Andaluz, die leckere kalte Tomatensuppe, auf Schweinefilet mit Serranoschinken, auf frittierte Meeresfr\u00fcchte und mediterranes Gem\u00fcse.<\/p>\n<p>Oder genie\u00dfe Snacks wie herzhaft oder s\u00fc\u00df belegte<a href=\"https:\/\/malagaguide.net\/darum-heisst-kleines-broetchen-in-malaga-pitufo-schlumpf\" target=\"_blank\" rel=\"noopener\"> Pitufo-(&#8220;Schlumpf&#8221;-Br\u00f6tchen<\/a> und nat\u00fcrlich vielf\u00e4ltige Tapas.<\/p>\n<p><strong>Tipp f\u00fcr Genie\u00dfer<\/strong>: die<a href=\"https:\/\/www.bajabikes.eu\/de\/malaga-tapas-fahrradtour\/?utm_source=blog-de&amp;utm_medium=algemeen&amp;utm_campaign=malaga&amp;utm_content=tekst\" target=\"_blank\" rel=\"noopener\"> Tapas Fahrradtour<\/a> bei deiner kulinarischen St\u00e4dtereise M\u00e1laga.<\/p>\n<blockquote><p>Auf der Calle Marqu\u00e9s de Larios findest du Boutiquen von trendigen spanischen Modemarken.<\/p><\/blockquote>\n<p>Das benachbarte Lagunillas-Viertel ist ein echtes Arbeiterviertel. Es steht in markantem Gegensatz zum lebhaften Zentrum und ist f\u00fcr die Stra\u00dfenkunst und urige Lokale bekannt.<\/p>\n<h2>Wie kann ich bei meiner St\u00e4dtereise M\u00e1laga in kurzer Zeit viele Highlights sehen?<\/h2>\n<p>Dann entscheide dich f\u00fcr eine <a href=\"https:\/\/www.bajabikes.eu\/de\/malaga-highlights-radtour\/?utm_source=blog-de&amp;utm_medium=algemeen&amp;utm_campaign=malaga&amp;utm_content=tekst\" target=\"_blank\" rel=\"noopener\">M\u00e1laga Highlights Fahrradtour<\/a>. Du erh\u00e4ltst moderne Mietfahrr\u00e4der, und ein ortskundiger Bike Guide f\u00e4hrt mit dir und Gleichgesinnten durch M\u00e1laga. Der Gro\u00dfteil des Stadtgebietes ist recht flach und gut zum Radfahren geeignet.<\/p>\n<blockquote><p>Nat\u00fcrlich macht es auch viel Spa\u00df, die Stadt auf eigene Faust zu erkunden<\/p><\/blockquote>\n<p>Miete ein <a href=\"https:\/\/www.bajabikes.eu\/de\/fahrradverleih-malaga\/?utm_source=blog-de&amp;utm_medium=algemeen&amp;utm_campaign=malaga&amp;utm_content=tekst\" target=\"_blank\" rel=\"noopener\">Fahrrad in M\u00e1laga<\/a> und w\u00e4hle eine eigene Route und Zeit. Das macht besonderen Spa\u00df, wenn du f\u00fcr mehrere Tage in Mal\u00e1ga bist und die Stadt in aller Ruhe erkunden m\u00f6chtest.<\/p>\n<p>Wenn du sportliche Radtouren und atemberaubende Panoramablicke liebst, kannst du bei einer <a href=\"https:\/\/www.bajabikes.eu\/de\/malaga-e-bike-tour\/?utm_source=blog-de&amp;utm_medium=algemeen&amp;utm_campaign=malaga&amp;utm_content=tekst\" target=\"_blank\" rel=\"noopener\">gef\u00fchrten E-Bike- und MTB-Tour<\/a> ins bergige Umland M\u00e1lagas, durch Pinienw\u00e4lder und idyllische D\u00f6rfer, fahren.<\/p>\n","protected":false},"excerpt":{"rendered":"<p>St\u00e4dtereise M\u00e1laga: An der Costa del Sol, der Sonnenk\u00fcste in Andalusien, erreichst du die zweitgr\u00f6\u00dfte&hellip;<\/p>\n","protected":false},"author":26,"featured_media":22865,"comment_status":"closed","ping_status":"closed","sticky":false,"template":"","format":"standard","meta":{"_yoast_wpseo_focuskw":"St\u00e4dtereise M\u00e1laga","_yoast_wpseo_title":"St\u00e4dtereise M\u00e1laga: Picasso, Tapas, Sonne satt, Kultur pur. Mehr Infos hier.","_yoast_wpseo_metadesc":"Deine St\u00e4dtereise M\u00e1laga: ganzj\u00e4hrig die Kulturstadt an der Costa del Sol erleben. Sonne, Lebensart, Architektur und Altstadt genie\u00dfen.","_lmt_disableupdate":"","_lmt_disable":"","footnotes":""},"categories":[1230],"tags":[],"class_list":["post-22860","post","type-post","status-publish","format-standard","has-post-thumbnail","hentry","category-malaga-de"],"yoast_head":"<!-- This site is optimized with the Yoast SEO Premium plugin v27.3 (Yoast SEO v27.3) - https:\/\/yoast.com\/product\/yoast-seo-premium-wordpress\/ -->\n<title>St\u00e4dtereise M\u00e1laga: Picasso, Tapas, Sonne satt, Kultur pur. Mehr Infos hier.<\/title>\n<meta name=\"description\" content=\"Deine St\u00e4dtereise M\u00e1laga: ganzj\u00e4hrig die Kulturstadt an der Costa del Sol erleben. Sonne, Lebensart, Architektur und Altstadt genie\u00dfen.\" \/>\n<meta name=\"robots\" content=\"index, follow, max-snippet:-1, max-image-preview:large, max-video-preview:-1\" \/>\n<link rel=\"canonical\" href=\"https:\/\/www.bajabikes.eu\/blog\/de\/staedtereise-malaga\/\" \/>\n<meta property=\"og:locale\" content=\"de_DE\" \/>\n<meta property=\"og:type\" content=\"article\" \/>\n<meta property=\"og:title\" content=\"St\u00e4dtereise M\u00e1laga\" \/>\n<meta property=\"og:description\" content=\"Deine St\u00e4dtereise M\u00e1laga: ganzj\u00e4hrig die Kulturstadt an der Costa del Sol erleben. Sonne, Lebensart, Architektur und Altstadt genie\u00dfen.\" \/>\n<meta property=\"og:url\" content=\"https:\/\/www.bajabikes.eu\/blog\/de\/staedtereise-malaga\/\" \/>\n<meta property=\"og:site_name\" content=\"Blog | Tolle Tipps f\u00fcr deine St\u00e4dtetrips &amp; Urlaub\" \/>\n<meta property=\"article:publisher\" content=\"https:\/\/www.facebook.com\/Bajabikes.bcn\/?brand_redir=1198817846835600\" \/>\n<meta property=\"article:published_time\" content=\"2023-04-30T08:20:31+00:00\" \/>\n<meta property=\"article:modified_time\" content=\"2024-11-05T10:35:40+00:00\" \/>\n<meta property=\"og:image\" content=\"https:\/\/cdn.bajabikes.eu\/blog\/wp-content\/uploads\/2022\/10\/19090221\/malaga-4773445_640.jpg\" \/>\n\t<meta property=\"og:image:width\" content=\"640\" \/>\n\t<meta property=\"og:image:height\" content=\"427\" \/>\n\t<meta property=\"og:image:type\" content=\"image\/jpeg\" \/>\n<meta name=\"author\" content=\"Klaus Schneider\" \/>\n<meta name=\"twitter:label1\" content=\"Written by\" \/>\n\t<meta name=\"twitter:data1\" content=\"Klaus Schneider\" \/>\n\t<meta name=\"twitter:label2\" content=\"Est. reading time\" \/>\n\t<meta name=\"twitter:data2\" content=\"5 minutes\" \/>\n<script type=\"application\/ld+json\" class=\"yoast-schema-graph\">{\"@context\":\"https:\\\/\\\/schema.org\",\"@graph\":[{\"@type\":\"Article\",\"@id\":\"https:\\\/\\\/www.bajabikes.eu\\\/blog\\\/de\\\/staedtereise-malaga\\\/#article\",\"isPartOf\":{\"@id\":\"https:\\\/\\\/www.bajabikes.eu\\\/blog\\\/de\\\/staedtereise-malaga\\\/\"},\"author\":{\"name\":\"Klaus Schneider\",\"@id\":\"https:\\\/\\\/www.bajabikes.eu\\\/blog\\\/nl\\\/#\\\/schema\\\/person\\\/79288335eca8a97b2befff0931d30b90\"},\"headline\":\"St\u00e4dtereise M\u00e1laga\",\"datePublished\":\"2023-04-30T08:20:31+00:00\",\"dateModified\":\"2024-11-05T10:35:40+00:00\",\"mainEntityOfPage\":{\"@id\":\"https:\\\/\\\/www.bajabikes.eu\\\/blog\\\/de\\\/staedtereise-malaga\\\/\"},\"wordCount\":902,\"publisher\":{\"@id\":\"https:\\\/\\\/www.bajabikes.eu\\\/blog\\\/nl\\\/#organization\"},\"image\":{\"@id\":\"https:\\\/\\\/www.bajabikes.eu\\\/blog\\\/de\\\/staedtereise-malaga\\\/#primaryimage\"},\"thumbnailUrl\":\"https:\\\/\\\/cdn.bajabikes.eu\\\/blog\\\/wp-content\\\/uploads\\\/2022\\\/10\\\/19090221\\\/malaga-4773445_640.jpg\",\"articleSection\":[\"Malaga\"],\"inLanguage\":\"de\"},{\"@type\":\"WebPage\",\"@id\":\"https:\\\/\\\/www.bajabikes.eu\\\/blog\\\/de\\\/staedtereise-malaga\\\/\",\"url\":\"https:\\\/\\\/www.bajabikes.eu\\\/blog\\\/de\\\/staedtereise-malaga\\\/\",\"name\":\"St\u00e4dtereise M\u00e1laga: Picasso, Tapas, Sonne satt, Kultur pur. Mehr Infos hier.\",\"isPartOf\":{\"@id\":\"https:\\\/\\\/www.bajabikes.eu\\\/blog\\\/nl\\\/#website\"},\"primaryImageOfPage\":{\"@id\":\"https:\\\/\\\/www.bajabikes.eu\\\/blog\\\/de\\\/staedtereise-malaga\\\/#primaryimage\"},\"image\":{\"@id\":\"https:\\\/\\\/www.bajabikes.eu\\\/blog\\\/de\\\/staedtereise-malaga\\\/#primaryimage\"},\"thumbnailUrl\":\"https:\\\/\\\/cdn.bajabikes.eu\\\/blog\\\/wp-content\\\/uploads\\\/2022\\\/10\\\/19090221\\\/malaga-4773445_640.jpg\",\"datePublished\":\"2023-04-30T08:20:31+00:00\",\"dateModified\":\"2024-11-05T10:35:40+00:00\",\"description\":\"Deine St\u00e4dtereise M\u00e1laga: ganzj\u00e4hrig die Kulturstadt an der Costa del Sol erleben. Sonne, Lebensart, Architektur und Altstadt genie\u00dfen.\",\"breadcrumb\":{\"@id\":\"https:\\\/\\\/www.bajabikes.eu\\\/blog\\\/de\\\/staedtereise-malaga\\\/#breadcrumb\"},\"inLanguage\":\"de\",\"potentialAction\":[{\"@type\":\"ReadAction\",\"target\":[\"https:\\\/\\\/www.bajabikes.eu\\\/blog\\\/de\\\/staedtereise-malaga\\\/\"]}]},{\"@type\":\"ImageObject\",\"inLanguage\":\"de\",\"@id\":\"https:\\\/\\\/www.bajabikes.eu\\\/blog\\\/de\\\/staedtereise-malaga\\\/#primaryimage\",\"url\":\"https:\\\/\\\/cdn.bajabikes.eu\\\/blog\\\/wp-content\\\/uploads\\\/2022\\\/10\\\/19090221\\\/malaga-4773445_640.jpg\",\"contentUrl\":\"https:\\\/\\\/cdn.bajabikes.eu\\\/blog\\\/wp-content\\\/uploads\\\/2022\\\/10\\\/19090221\\\/malaga-4773445_640.jpg\",\"width\":640,\"height\":427,\"caption\":\"M\u00e1laga Panorama\"},{\"@type\":\"BreadcrumbList\",\"@id\":\"https:\\\/\\\/www.bajabikes.eu\\\/blog\\\/de\\\/staedtereise-malaga\\\/#breadcrumb\",\"itemListElement\":[{\"@type\":\"ListItem\",\"position\":1,\"name\":\"Home\",\"item\":\"https:\\\/\\\/www.bajabikes.eu\\\/blog\\\/nl\\\/\"},{\"@type\":\"ListItem\",\"position\":2,\"name\":\"St\u00e4dtereise M\u00e1laga\"}]},{\"@type\":\"WebSite\",\"@id\":\"https:\\\/\\\/www.bajabikes.eu\\\/blog\\\/nl\\\/#website\",\"url\":\"https:\\\/\\\/www.bajabikes.eu\\\/blog\\\/nl\\\/\",\"name\":\"Citytrip blog vol tips. Ontdek wereldsteden op de fiets met gids!\",\"description\":\"Erlebe die sch\u00f6nsten Reiseziele mit den Tipps von Baja Bikes\",\"publisher\":{\"@id\":\"https:\\\/\\\/www.bajabikes.eu\\\/blog\\\/nl\\\/#organization\"},\"potentialAction\":[{\"@type\":\"SearchAction\",\"target\":{\"@type\":\"EntryPoint\",\"urlTemplate\":\"https:\\\/\\\/www.bajabikes.eu\\\/blog\\\/nl\\\/?s={search_term_string}\"},\"query-input\":{\"@type\":\"PropertyValueSpecification\",\"valueRequired\":true,\"valueName\":\"search_term_string\"}}],\"inLanguage\":\"de\"},{\"@type\":\"Organization\",\"@id\":\"https:\\\/\\\/www.bajabikes.eu\\\/blog\\\/nl\\\/#organization\",\"name\":\"Baja Bikes\",\"alternateName\":\"Baja Bikes Fietstours\",\"url\":\"https:\\\/\\\/www.bajabikes.eu\\\/blog\\\/nl\\\/\",\"logo\":{\"@type\":\"ImageObject\",\"inLanguage\":\"de\",\"@id\":\"https:\\\/\\\/www.bajabikes.eu\\\/blog\\\/nl\\\/#\\\/schema\\\/logo\\\/image\\\/\",\"url\":\"https:\\\/\\\/cdn.bajabikes.eu\\\/blog\\\/wp-content\\\/uploads\\\/2016\\\/03\\\/27160021\\\/Logo-Facebook.jpg\",\"contentUrl\":\"https:\\\/\\\/cdn.bajabikes.eu\\\/blog\\\/wp-content\\\/uploads\\\/2016\\\/03\\\/27160021\\\/Logo-Facebook.jpg\",\"width\":546,\"height\":546,\"caption\":\"Baja Bikes\"},\"image\":{\"@id\":\"https:\\\/\\\/www.bajabikes.eu\\\/blog\\\/nl\\\/#\\\/schema\\\/logo\\\/image\\\/\"},\"sameAs\":[\"https:\\\/\\\/www.facebook.com\\\/Bajabikes.bcn\\\/?brand_redir=1198817846835600\",\"https:\\\/\\\/x.com\\\/bajabikes\",\"https:\\\/\\\/www.instagram.com\\\/bajabikes\\\/?hl=nl\"],\"description\":\"Baja Bikes is de marktleider in Nederlandstalige en internationale fietstours in meer dan 200 steden wereldwijd. Sinds 2005 maken we het voor reizigers makkelijk om een stad te ontdekken met een lokale gids op de fiets. Of je nu reist met je gezin, partner of in een groep, wij bieden veilige, informatieve en leuke tours die starten in het hart van de stad. Onze tours zijn online te boeken met gegarandeerde starttijden.\",\"email\":\"info@bajabikes.eu\",\"telephone\":\"+34646252199\",\"legalName\":\"CITYTOURS & DREAMS, SL\",\"foundingDate\":\"2005-01-06\",\"vatID\":\"ESB64877202\",\"numberOfEmployees\":{\"@type\":\"QuantitativeValue\",\"minValue\":\"1\",\"maxValue\":\"10\"}},{\"@type\":\"Person\",\"@id\":\"https:\\\/\\\/www.bajabikes.eu\\\/blog\\\/nl\\\/#\\\/schema\\\/person\\\/79288335eca8a97b2befff0931d30b90\",\"name\":\"Klaus Schneider\",\"image\":{\"@type\":\"ImageObject\",\"inLanguage\":\"de\",\"@id\":\"https:\\\/\\\/secure.gravatar.com\\\/avatar\\\/cc54f33aef19682653373b89151abc1448decc996c8bfec08969aea615d39f33?s=96&d=mm&r=g\",\"url\":\"https:\\\/\\\/secure.gravatar.com\\\/avatar\\\/cc54f33aef19682653373b89151abc1448decc996c8bfec08969aea615d39f33?s=96&d=mm&r=g\",\"contentUrl\":\"https:\\\/\\\/secure.gravatar.com\\\/avatar\\\/cc54f33aef19682653373b89151abc1448decc996c8bfec08969aea615d39f33?s=96&d=mm&r=g\",\"caption\":\"Klaus Schneider\"},\"description\":\"Good content is inspiration and information for the user who wants to experience great cities.\",\"url\":\"https:\\\/\\\/www.bajabikes.eu\\\/blog\\\/de\\\/author\\\/klaus-schneider\\\/\"}]}<\/script>\n<!-- \/ Yoast SEO Premium plugin. -->","yoast_head_json":{"title":"St\u00e4dtereise M\u00e1laga: Picasso, Tapas, Sonne satt, Kultur pur. Mehr Infos hier.","description":"Deine St\u00e4dtereise M\u00e1laga: ganzj\u00e4hrig die Kulturstadt an der Costa del Sol erleben. Sonne, Lebensart, Architektur und Altstadt genie\u00dfen.","robots":{"index":"index","follow":"follow","max-snippet":"max-snippet:-1","max-image-preview":"max-image-preview:large","max-video-preview":"max-video-preview:-1"},"canonical":"https:\/\/www.bajabikes.eu\/blog\/de\/staedtereise-malaga\/","og_locale":"de_DE","og_type":"article","og_title":"St\u00e4dtereise M\u00e1laga","og_description":"Deine St\u00e4dtereise M\u00e1laga: ganzj\u00e4hrig die Kulturstadt an der Costa del Sol erleben. Sonne, Lebensart, Architektur und Altstadt genie\u00dfen.","og_url":"https:\/\/www.bajabikes.eu\/blog\/de\/staedtereise-malaga\/","og_site_name":"Blog | Tolle Tipps f\u00fcr deine St\u00e4dtetrips & Urlaub","article_publisher":"https:\/\/www.facebook.com\/Bajabikes.bcn\/?brand_redir=1198817846835600","article_published_time":"2023-04-30T08:20:31+00:00","article_modified_time":"2024-11-05T10:35:40+00:00","og_image":[{"width":640,"height":427,"url":"https:\/\/cdn.bajabikes.eu\/blog\/wp-content\/uploads\/2022\/10\/19090221\/malaga-4773445_640.jpg","type":"image\/jpeg"}],"author":"Klaus Schneider","twitter_misc":{"Written by":"Klaus Schneider","Est. reading time":"5 minutes"},"schema":{"@context":"https:\/\/schema.org","@graph":[{"@type":"Article","@id":"https:\/\/www.bajabikes.eu\/blog\/de\/staedtereise-malaga\/#article","isPartOf":{"@id":"https:\/\/www.bajabikes.eu\/blog\/de\/staedtereise-malaga\/"},"author":{"name":"Klaus Schneider","@id":"https:\/\/www.bajabikes.eu\/blog\/nl\/#\/schema\/person\/79288335eca8a97b2befff0931d30b90"},"headline":"St\u00e4dtereise M\u00e1laga","datePublished":"2023-04-30T08:20:31+00:00","dateModified":"2024-11-05T10:35:40+00:00","mainEntityOfPage":{"@id":"https:\/\/www.bajabikes.eu\/blog\/de\/staedtereise-malaga\/"},"wordCount":902,"publisher":{"@id":"https:\/\/www.bajabikes.eu\/blog\/nl\/#organization"},"image":{"@id":"https:\/\/www.bajabikes.eu\/blog\/de\/staedtereise-malaga\/#primaryimage"},"thumbnailUrl":"https:\/\/cdn.bajabikes.eu\/blog\/wp-content\/uploads\/2022\/10\/19090221\/malaga-4773445_640.jpg","articleSection":["Malaga"],"inLanguage":"de"},{"@type":"WebPage","@id":"https:\/\/www.bajabikes.eu\/blog\/de\/staedtereise-malaga\/","url":"https:\/\/www.bajabikes.eu\/blog\/de\/staedtereise-malaga\/","name":"St\u00e4dtereise M\u00e1laga: Picasso, Tapas, Sonne satt, Kultur pur. Mehr Infos hier.","isPartOf":{"@id":"https:\/\/www.bajabikes.eu\/blog\/nl\/#website"},"primaryImageOfPage":{"@id":"https:\/\/www.bajabikes.eu\/blog\/de\/staedtereise-malaga\/#primaryimage"},"image":{"@id":"https:\/\/www.bajabikes.eu\/blog\/de\/staedtereise-malaga\/#primaryimage"},"thumbnailUrl":"https:\/\/cdn.bajabikes.eu\/blog\/wp-content\/uploads\/2022\/10\/19090221\/malaga-4773445_640.jpg","datePublished":"2023-04-30T08:20:31+00:00","dateModified":"2024-11-05T10:35:40+00:00","description":"Deine St\u00e4dtereise M\u00e1laga: ganzj\u00e4hrig die Kulturstadt an der Costa del Sol erleben. Sonne, Lebensart, Architektur und Altstadt genie\u00dfen.","breadcrumb":{"@id":"https:\/\/www.bajabikes.eu\/blog\/de\/staedtereise-malaga\/#breadcrumb"},"inLanguage":"de","potentialAction":[{"@type":"ReadAction","target":["https:\/\/www.bajabikes.eu\/blog\/de\/staedtereise-malaga\/"]}]},{"@type":"ImageObject","inLanguage":"de","@id":"https:\/\/www.bajabikes.eu\/blog\/de\/staedtereise-malaga\/#primaryimage","url":"https:\/\/cdn.bajabikes.eu\/blog\/wp-content\/uploads\/2022\/10\/19090221\/malaga-4773445_640.jpg","contentUrl":"https:\/\/cdn.bajabikes.eu\/blog\/wp-content\/uploads\/2022\/10\/19090221\/malaga-4773445_640.jpg","width":640,"height":427,"caption":"M\u00e1laga Panorama"},{"@type":"BreadcrumbList","@id":"https:\/\/www.bajabikes.eu\/blog\/de\/staedtereise-malaga\/#breadcrumb","itemListElement":[{"@type":"ListItem","position":1,"name":"Home","item":"https:\/\/www.bajabikes.eu\/blog\/nl\/"},{"@type":"ListItem","position":2,"name":"St\u00e4dtereise M\u00e1laga"}]},{"@type":"WebSite","@id":"https:\/\/www.bajabikes.eu\/blog\/nl\/#website","url":"https:\/\/www.bajabikes.eu\/blog\/nl\/","name":"Citytrip blog vol tips. Ontdek wereldsteden op de fiets met gids!","description":"Erlebe die sch\u00f6nsten Reiseziele mit den Tipps von Baja Bikes","publisher":{"@id":"https:\/\/www.bajabikes.eu\/blog\/nl\/#organization"},"potentialAction":[{"@type":"SearchAction","target":{"@type":"EntryPoint","urlTemplate":"https:\/\/www.bajabikes.eu\/blog\/nl\/?s={search_term_string}"},"query-input":{"@type":"PropertyValueSpecification","valueRequired":true,"valueName":"search_term_string"}}],"inLanguage":"de"},{"@type":"Organization","@id":"https:\/\/www.bajabikes.eu\/blog\/nl\/#organization","name":"Baja Bikes","alternateName":"Baja Bikes Fietstours","url":"https:\/\/www.bajabikes.eu\/blog\/nl\/","logo":{"@type":"ImageObject","inLanguage":"de","@id":"https:\/\/www.bajabikes.eu\/blog\/nl\/#\/schema\/logo\/image\/","url":"https:\/\/cdn.bajabikes.eu\/blog\/wp-content\/uploads\/2016\/03\/27160021\/Logo-Facebook.jpg","contentUrl":"https:\/\/cdn.bajabikes.eu\/blog\/wp-content\/uploads\/2016\/03\/27160021\/Logo-Facebook.jpg","width":546,"height":546,"caption":"Baja Bikes"},"image":{"@id":"https:\/\/www.bajabikes.eu\/blog\/nl\/#\/schema\/logo\/image\/"},"sameAs":["https:\/\/www.facebook.com\/Bajabikes.bcn\/?brand_redir=1198817846835600","https:\/\/x.com\/bajabikes","https:\/\/www.instagram.com\/bajabikes\/?hl=nl"],"description":"Baja Bikes is de marktleider in Nederlandstalige en internationale fietstours in meer dan 200 steden wereldwijd. Sinds 2005 maken we het voor reizigers makkelijk om een stad te ontdekken met een lokale gids op de fiets. Of je nu reist met je gezin, partner of in een groep, wij bieden veilige, informatieve en leuke tours die starten in het hart van de stad. Onze tours zijn online te boeken met gegarandeerde starttijden.","email":"info@bajabikes.eu","telephone":"+34646252199","legalName":"CITYTOURS & DREAMS, SL","foundingDate":"2005-01-06","vatID":"ESB64877202","numberOfEmployees":{"@type":"QuantitativeValue","minValue":"1","maxValue":"10"}},{"@type":"Person","@id":"https:\/\/www.bajabikes.eu\/blog\/nl\/#\/schema\/person\/79288335eca8a97b2befff0931d30b90","name":"Klaus Schneider","image":{"@type":"ImageObject","inLanguage":"de","@id":"https:\/\/secure.gravatar.com\/avatar\/cc54f33aef19682653373b89151abc1448decc996c8bfec08969aea615d39f33?s=96&d=mm&r=g","url":"https:\/\/secure.gravatar.com\/avatar\/cc54f33aef19682653373b89151abc1448decc996c8bfec08969aea615d39f33?s=96&d=mm&r=g","contentUrl":"https:\/\/secure.gravatar.com\/avatar\/cc54f33aef19682653373b89151abc1448decc996c8bfec08969aea615d39f33?s=96&d=mm&r=g","caption":"Klaus Schneider"},"description":"Good content is inspiration and information for the user who wants to experience great cities.","url":"https:\/\/www.bajabikes.eu\/blog\/de\/author\/klaus-schneider\/"}]}},"_links":{"self":[{"href":"https:\/\/www.bajabikes.eu\/blog\/de\/wp-json\/wp\/v2\/posts\/22860","targetHints":{"allow":["GET"]}}],"collection":[{"href":"https:\/\/www.bajabikes.eu\/blog\/de\/wp-json\/wp\/v2\/posts"}],"about":[{"href":"https:\/\/www.bajabikes.eu\/blog\/de\/wp-json\/wp\/v2\/types\/post"}],"author":[{"embeddable":true,"href":"https:\/\/www.bajabikes.eu\/blog\/de\/wp-json\/wp\/v2\/users\/26"}],"replies":[{"embeddable":true,"href":"https:\/\/www.bajabikes.eu\/blog\/de\/wp-json\/wp\/v2\/comments?post=22860"}],"version-history":[{"count":0,"href":"https:\/\/www.bajabikes.eu\/blog\/de\/wp-json\/wp\/v2\/posts\/22860\/revisions"}],"wp:featuredmedia":[{"embeddable":true,"href":"https:\/\/www.bajabikes.eu\/blog\/de\/wp-json\/wp\/v2\/media\/22865"}],"wp:attachment":[{"href":"https:\/\/www.bajabikes.eu\/blog\/de\/wp-json\/wp\/v2\/media?parent=22860"}],"wp:term":[{"taxonomy":"category","embeddable":true,"href":"https:\/\/www.bajabikes.eu\/blog\/de\/wp-json\/wp\/v2\/categories?post=22860"},{"taxonomy":"post_tag","embeddable":true,"href":"https:\/\/www.bajabikes.eu\/blog\/de\/wp-json\/wp\/v2\/tags?post=22860"}],"curies":[{"name":"wp","href":"https:\/\/api.w.org\/{rel}","templated":true}]}}