{"id":33541,"date":"2025-04-04T13:20:55","date_gmt":"2025-04-04T11:20:55","guid":{"rendered":"https:\/\/www.bajabikes.eu\/blog\/?p=33541"},"modified":"2025-04-04T13:42:36","modified_gmt":"2025-04-04T11:42:36","slug":"brueckentage-2025","status":"publish","type":"post","link":"https:\/\/www.bajabikes.eu\/blog\/de\/brueckentage-2025\/","title":{"rendered":"Br\u00fcckentage 2025: mit wenigen Urlaubstagen eine 3- bis 4-t\u00e4gige St\u00e4dtetour planen!"},"content":{"rendered":"<p><strong>Br\u00fcckentage 2025:<\/strong> An einem Wochenende eine neue Stadt zu entdecken, kann ein toller Zweit- oder Dritturlaub sein. Aber noch viel sch\u00f6ner ist es doch, wenn du f\u00fcr eine spannende St\u00e4dtereise nicht nur 2-2,5, sondern 3 oder 4 Tage Zeit hast.<\/p>\n<p>Dann kannst du nicht nur die Top-Sehensw\u00fcrdigkeiten entdecken, sondern auch Museen besuchen, shoppen, feiern oder die Umgebung erleben!<\/p>\n<p>Auch, wenn du f\u00fcr die Anreise etwas Zeit brauchst, zum Beispiel nachhaltig und g\u00fcnstig mit dem <a href=\"https:\/\/www.bajabikes.eu\/blog\/de\/deutschlandticket-staedtetrips\/\" target=\"_blank\" rel=\"noopener\">Deutschlandticket<\/a>, oder per Bahn nach <a href=\"https:\/\/www.bajabikes.eu\/de\/stadtfuhrung-amsterdam\/?utm_source=blog-de&amp;utm_medium=vakantie&amp;utm_campaign=amsterdam&amp;utm_content=tekst\" target=\"_blank\" rel=\"noopener\">Amsterdam<\/a>, in die ebenfalls fahrradfreundlichen Metropolen <a href=\"https:\/\/www.bajabikes.eu\/blog\/de\/fahrradstadt-kopenhagen\/\" target=\"_blank\" rel=\"noopener\">Kopenhagen<\/a>, <a href=\"https:\/\/www.bajabikes.eu\/blog\/de\/paris-sehenswuerdigkeiten\/\" target=\"_blank\" rel=\"noopener\">Paris<\/a> oder nach <a href=\"https:\/\/www.bajabikes.eu\/blog\/de\/bruessel-sehenswuerdigkeiten\/\" target=\"_blank\" rel=\"noopener\">Br\u00fcssel<\/a>: Dann machen 3 bis 4 Tage St\u00e4dteurlaub mehr Sinn als ein knappes Wochenende.<\/p>\n<p><img fetchpriority=\"high\" decoding=\"async\" class=\"alignnone size-full wp-image-19961\" src=\"https:\/\/cdn.bajabikes.eu\/blog\/wp-content\/uploads\/2015\/12\/14164704\/trein-naar-parijs.jpg\" alt=\"trein naar parijs\" width=\"800\" height=\"593\" srcset=\"https:\/\/cdn.bajabikes.eu\/blog\/wp-content\/uploads\/2015\/12\/14164704\/trein-naar-parijs.jpg 800w, https:\/\/cdn.bajabikes.eu\/blog\/wp-content\/uploads\/2015\/12\/14164704\/trein-naar-parijs-300x222.jpg 300w, https:\/\/cdn.bajabikes.eu\/blog\/wp-content\/uploads\/2015\/12\/14164704\/trein-naar-parijs-768x569.jpg 768w, https:\/\/cdn.bajabikes.eu\/blog\/wp-content\/uploads\/2015\/12\/14164704\/trein-naar-parijs-585x434.jpg 585w\" sizes=\"(max-width: 800px) 100vw, 800px\" \/><\/p>\n<p>Aber was tun, wenn du deine wertvollen Urlaubstage f\u00fcr den Haupturlaub oder die <a href=\"https:\/\/www.bajabikes.eu\/blog\/de\/pfingstferien-2024\/\" target=\"_blank\" rel=\"noopener\">Pfingstferien<\/a> brauchst? Das macht nichts, der zus\u00e4tzlichen St\u00e4dtereise 2025 steht trotzdem nicht viel im Wege. Oft kannst du dir nur mit einem Urlaubstag an einem Br\u00fcckentag 2025 ein richtig <strong>langes Wochenende<\/strong> basteln &#8211; oder sogar ganz, ohne einen Urlaubstag zu opfern.<\/p>\n<p>Das gilt nicht nur f\u00fcr die bekannten, allj\u00e4hrlich wiederkehrenden Klassiker, den Br\u00fcckentag am Freitag nach Himmelfahrt oder (in einigen Bundesl\u00e4ndern) nach Fronleichnam, sondern auch f\u00fcr andere Tage, zum Beispiel den 1. Mai, der 2025 auf einen Donnerstag f\u00e4llt.<\/p>\n<h2>2025 fallen viele Feiertage auf einen Freitag. Ideal f\u00fcr lange Wochenenden, sogar ohne Br\u00fcckentag!<\/h2>\n<p>Auf <strong>einen Freitag<\/strong> fallen 2025:<\/p>\n<ul>\n<li>der Tag der Deutschen Einheit am 3. Oktober<\/li>\n<li>der Reformationstag am 31. Oktober &#8220;bei den Protestanten&#8221;, dank Martin Luther<\/li>\n<li>Mari\u00e4 Himmelfahrt am 15. August in katholisch gepr\u00e4gten Regionen\/Bundesl\u00e4ndern<\/li>\n<li>&#8230;und, gl\u00fcckliches Bayerisch-Schwaben, <em>nur in Augsburg<\/em>: das Augsburger Friedensfest am 8. August<\/li>\n<\/ul>\n<p>Nicht lange warten mit dem Buchen, aber auch nicht vor den Sehensw\u00fcrdigkeiten lange warten! Sichere dir aber vorher Tickets f\u00fcr die Sehensw\u00fcrdigkeiten in der Stadt deiner Wahl. Zum gew\u00fcnschten Reisetermin, einfach digital auf dem Handy.<\/p>\n<p>So vermeidest du das lange Schlangestehen. Denn nat\u00fcrlich nutzen viele Urlauber lange Wochenenden 2025, um St\u00e4dtehighlights in der N\u00e4he zu besuchen&#8230;<\/p>\n<p><img decoding=\"async\" class=\"alignnone size-full wp-image-26375\" src=\"https:\/\/cdn.bajabikes.eu\/blog\/wp-content\/uploads\/2023\/02\/22131833\/Berlijn.jpg\" alt=\"Berlijn in 1 dag, Berlin an 1 Tag\" width=\"800\" height=\"400\" srcset=\"https:\/\/cdn.bajabikes.eu\/blog\/wp-content\/uploads\/2023\/02\/22131833\/Berlijn.jpg 800w, https:\/\/cdn.bajabikes.eu\/blog\/wp-content\/uploads\/2023\/02\/22131833\/Berlijn-300x150.jpg 300w, https:\/\/cdn.bajabikes.eu\/blog\/wp-content\/uploads\/2023\/02\/22131833\/Berlijn-768x384.jpg 768w, https:\/\/cdn.bajabikes.eu\/blog\/wp-content\/uploads\/2023\/02\/22131833\/Berlijn-585x293.jpg 585w\" sizes=\"(max-width: 800px) 100vw, 800px\" \/><\/p>\n<p>Buche Tickets zu deinem Wunschtermin vorab, zum Beispiel f\u00fcr <a href=\"https:\/\/www.tiqets.com\/de\/hamburg-sehenswuerdigkeiten-c64886\/?partner=bajabikes&amp;tq_campaign=BlogDE-Vakantie-Brueckentage\" target=\"_blank\" rel=\"noopener\">Hamburg<\/a>, <a href=\"https:\/\/www.tiqets.com\/de\/amsterdam-sehenswuerdigkeiten-c75061\/?partner=bajabikes&amp;tq_campaign=BlogDE-Vakantie-Brueckentage\" target=\"_blank\" rel=\"noopener\">Amsterdam<\/a>, f\u00fcr Schl\u00f6sser, Zoo und Riesenrad in <a href=\"https:\/\/www.tiqets.com\/de\/wien-sehenswuerdigkeiten-c60335\/?partner=bajabikes&amp;tq_campaign=BlogDE-Vakantie-Brueckentage\" target=\"_blank\" rel=\"noopener\">Wien<\/a>, f\u00fcr den <a href=\"https:\/\/www.tiqets.com\/de\/tickets-eiffelturm-l144586\/?partner=bajabikes&amp;tq_campaign=BlogDE-Vakantie-Brueckentage\" target=\"_blank\" rel=\"noopener\">Eiffelturm in Paris<\/a>, den <a href=\"https:\/\/www.tiqets.com\/de\/tickets-berliner-fernsehturm-l144775\/?partner=bajabikes&amp;tq_campaign=BlogDE-Vakantie-Brueckentage\" target=\"_blank\" rel=\"noopener\">Fernsehturm in Berlin<\/a> oder Gaud\u00eds Kathedrale Sagrada Familia und den Park G\u00fcell in<a href=\"https:\/\/www.tiqets.com\/de\/barcelona-sehenswuerdigkeiten-c66342\/?partner=bajabikes&amp;tq_campaign=BlogDE-Vakantie-Brueckentage\" target=\"_blank\" rel=\"noopener\"> Barcelona<\/a>.<\/p>\n<p>Hier findest du unsere \u00dcbersicht, an welchen der <strong>Br\u00fcckentage 2025<\/strong> du mit einem Urlaubstag wie lange frei bekommst, jeweils ausgehend von einer Arbeitswoche von Montag bis Freitag.<\/p>\n<p>Neben den <strong>Br\u00fcckentags-Wochenenden<\/strong> findest du hier unten in der <strong>Tabelle Feiertage 2025<\/strong> in Deutschland, die zum Beispiel auf einen Freitag oder Montag fallen. Dann sind immerhin 3 Tage St\u00e4dte- oder Kurzurlaub m\u00f6glich!<\/p>\n<p>Einige <a href=\"https:\/\/feiertag.info\/\" target=\"_blank\" rel=\"noopener\">Feiertage<\/a> sind nur in einigen Bundesl\u00e4ndern\/Gegenden <a href=\"https:\/\/www.dgb.de\/gesetzliche-feiertage-deutschland\" target=\"_blank\" rel=\"noopener\">gesetzlicher Feiertag<\/a> und damit f\u00fcr die meisten in diesen Regionen frei. Das haben wir gesondert in der Tabelle vermerkt.<\/p>\n<h2>\u00dcbersicht Feiertage \/ Br\u00fcckentage 2025<\/h2>\n<div class=\"pcrstb-wrap\"><table dir=\"ltr\" border=\"1\" cellspacing=\"0\" cellpadding=\"0\" data-sheets-root=\"1\">\n<colgroup>\n<col width=\"100\" \/>\n<col width=\"100\" \/><\/colgroup>\n<tbody>\n<tr>\n<td data-sheets-value=\"{&quot;1&quot;:2,&quot;2&quot;:&quot;Feiertag&quot;}\"><strong>Feiertage 2025<br \/>\n<\/strong><\/td>\n<td data-sheets-value=\"{&quot;1&quot;:2,&quot;2&quot;:&quot;Br\u00fcckentag und Dauer langes Wochenende&quot;}\">\n<div>\n<div><strong>Br\u00fcckentage 2025<br \/>\n<\/strong><\/div>\n<\/div>\n<\/td>\n<\/tr>\n<tr>\n<td data-sheets-value=\"{&quot;1&quot;:2,&quot;2&quot;:&quot;Neujahr&quot;}\"><strong>Neujahr:<\/strong> Mittwoch, 1. Januar<\/td>\n<td data-sheets-value=\"{&quot;1&quot;:2,&quot;2&quot;:&quot;Ohne Br\u00fcckentag, aber f\u00fcr viele ein langes Wochenende mit 3 freien Tagen&quot;}\">\n<div>\n<div>Ohne Br\u00fcckentag, aber f\u00fcr viele ein langes Wochenende mit 3 freien Tagen<\/div>\n<\/div>\n<\/td>\n<\/tr>\n<tr>\n<td data-sheets-value=\"{&quot;1&quot;:2,&quot;2&quot;:&quot;Heilige Drei K\u00f6nige&quot;}\"><strong>Heilige Drei K\u00f6nige:<\/strong> Montag, 6. Januar, in Baden-W\u00fcrttemberg, Baden-W\u00fcrttemberg, Sachsen-Anhalt<\/td>\n<td data-sheets-value=\"{&quot;1&quot;:2,&quot;2&quot;:&quot;-&quot;}\">\n<div>\n<div>Ohne Br\u00fcckentag, aber f\u00fcr viele 3 Tage frei<\/div>\n<\/div>\n<\/td>\n<\/tr>\n<tr>\n<td data-sheets-value=\"{&quot;1&quot;:2,&quot;2&quot;:&quot;Weltfrauentag&quot;}\"><strong>Internationaler Frauentag:<\/strong> Samstag, 8. M\u00e4rz, in Berlin und Mecklenburg-Vorpommern<\/td>\n<td data-sheets-value=\"{&quot;1&quot;:2,&quot;2&quot;:&quot;Keine Br\u00fcckentage, aber f\u00fcr viele ein langes Wochenende mit 3 freien Tagen&quot;}\">\n<div>\n<div>&#8211;<\/div>\n<\/div>\n<\/td>\n<\/tr>\n<tr>\n<td data-sheets-value=\"{&quot;1&quot;:2,&quot;2&quot;:&quot;Karfreitag und Ostermontag&quot;}\"><strong>Karfreitag:<\/strong> 18. April <strong>Ostermontag:<\/strong> 21. April<\/td>\n<td data-sheets-value=\"{&quot;1&quot;:2,&quot;2&quot;:&quot;Ohne Br\u00fcckentage f\u00fcr viele 4 Tage frei&quot;}\">\n<div>\n<div>Ohne Br\u00fcckentag, aber f\u00fcr viele 4 Tage frei<\/div>\n<\/div>\n<\/td>\n<\/tr>\n<tr>\n<td data-sheets-value=\"{&quot;1&quot;:2,&quot;2&quot;:&quot;Tag der Arbeit&quot;}\"><strong>Tag der Arbeit:<\/strong> Donnerstag, 1. Mai<\/td>\n<td data-sheets-value=\"{&quot;1&quot;:2,&quot;2&quot;:&quot;Mit dem 29.+30. April oder dem 2.+3. Mai bis zu 5 freie Tage&quot;}\">\n<div>\n<div>Mit dem Br\u00fcckentag Freitag, 2. Mai, bis zu 4 freie Tage<\/div>\n<\/div>\n<\/td>\n<\/tr>\n<tr>\n<td data-sheets-value=\"{&quot;1&quot;:2,&quot;2&quot;:&quot;Christi Himmelfahrt&quot;}\"><strong>Christi Himmelfahrt:<\/strong> 29. Mai<\/td>\n<td data-sheets-value=\"{&quot;1&quot;:2,&quot;2&quot;:&quot;Br\u00fcckentag Freitag, 10. Mai = 4 Tage frei&quot;}\">\n<div>\n<div>Br\u00fcckentag Freitag, 30. Mai = 4 Tage frei<\/div>\n<\/div>\n<\/td>\n<\/tr>\n<tr>\n<td data-sheets-value=\"{&quot;1&quot;:2,&quot;2&quot;:&quot;Pfingsten&quot;}\"><strong>Pfingstmontag:<\/strong> 9. Juni<\/td>\n<td data-sheets-value=\"{&quot;1&quot;:2,&quot;2&quot;:&quot;Keine Br\u00fcckentage, aber f\u00fcr viele 3 Tage frei&quot;}\">\n<div>\n<div>Keine Br\u00fcckentage, aber f\u00fcr viele 3 Tage frei<\/div>\n<\/div>\n<\/td>\n<\/tr>\n<tr>\n<td data-sheets-value=\"{&quot;1&quot;:2,&quot;2&quot;:&quot;Fronleichnam&quot;}\"><strong>Fronleichnam:<\/strong> Donnerstag, 19. Juni, in Baden-W\u00fcrttemberg, Bayern, Hessen, Nordrhein-Westfalen, Rheinland-Pfalz, im Saarland, in Teilen Sachsens und Th\u00fcringens<\/td>\n<td data-sheets-value=\"{&quot;1&quot;:2,&quot;2&quot;:&quot;Br\u00fcckentag Freitag, 31. Mai = 4 Tage frei&quot;}\">\n<div>\n<div>Br\u00fcckentag Freitag, 20. Juni = 4 Tage frei<\/div>\n<\/div>\n<\/td>\n<\/tr>\n<tr>\n<td data-sheets-value=\"{&quot;1&quot;:2,&quot;2&quot;:&quot;Friedensfest Augsburg&quot;}\"><strong>Hohes Friedensfest:<\/strong> Freitag, 8. August, nur in Augsburg<\/td>\n<td data-sheets-value=\"{&quot;1&quot;:2,&quot;2&quot;:&quot;Br\u00fcckentag Freitag, 9. August = 4 Tage frei&quot;}\">\n<div>\n<div>Kein Br\u00fcckentag, aber f\u00fcr viele Augsburger 3 Tage frei<\/div>\n<\/div>\n<\/td>\n<\/tr>\n<tr>\n<td data-sheets-value=\"{&quot;1&quot;:2,&quot;2&quot;:&quot;Mari\u00e4 Himmelfahrt&quot;}\"><strong>Mari\u00e4 Himmelfahrt:<\/strong> Freitag, 15. August, in mehrheitlich katholischen Gemeinden Bayerns und im Saarland<\/td>\n<td data-sheets-value=\"{&quot;1&quot;:2,&quot;2&quot;:&quot;Br\u00fcckentag Freitag, 16. August = 4 Tage frei&quot;}\">\n<div>\n<div>Kein Br\u00fcckentag, aber f\u00fcr viele Bayern und Saarl\u00e4nder 3 Tage Tage frei<\/div>\n<\/div>\n<\/td>\n<\/tr>\n<tr>\n<td data-sheets-value=\"{&quot;1&quot;:2,&quot;2&quot;:&quot;Weltkindertag&quot;}\"><strong>Weltkindertag:<\/strong> Samtag, 20. September in Th\u00fcringen<\/td>\n<td data-sheets-value=\"{&quot;1&quot;:2,&quot;2&quot;:&quot;Kein Br\u00fcckentag, aber 3 Tage frei&quot;}\">\n<div>\n<div>&#8211;<\/div>\n<\/div>\n<\/td>\n<\/tr>\n<tr>\n<td data-sheets-value=\"{&quot;1&quot;:2,&quot;2&quot;:&quot;Tag der Einheit&quot;}\"><strong>Tag der Einheit:<\/strong> Freitag, 3. Oktober<\/td>\n<td data-sheets-value=\"{&quot;1&quot;:2,&quot;2&quot;:&quot;Br\u00fcckentag Freitag 4. Oktober = 4 Tage frei&quot;}\">\n<div>\n<div>Kein Br\u00fcckentag, aber bundesweit f\u00fcr viele 3 Tage frei<\/div>\n<\/div>\n<\/td>\n<\/tr>\n<tr>\n<td data-sheets-value=\"{&quot;1&quot;:2,&quot;2&quot;:&quot;Reformationstag&quot;}\"><strong>Reformationstag:<\/strong> Freitag, 31. Oktober, in allen Bundesl\u00e4ndern <strong>au\u00dfer<\/strong> in gro\u00dfen Teilen Bayerns, in Baden-W\u00fcrttemberg, Berlin, Hessen, NRW, Rheinland-Pfalz, Saarland<\/td>\n<td data-sheets-value=\"{&quot;1&quot;:2,&quot;2&quot;:&quot;Br\u00fcckentag Freitag 1. November = 4 Tage frei&quot;}\">\n<div>\n<div>Kein Br\u00fcckentag, aber f\u00fcr viele 3 Tage frei<\/div>\n<\/div>\n<\/td>\n<\/tr>\n<tr>\n<td data-sheets-value=\"{&quot;1&quot;:2,&quot;2&quot;:&quot;Allerheiligen&quot;}\"><strong>Allerheiligen:<\/strong> Samstag, 1. November, in Baden-W\u00fcrttemberg, Bayern, NRW, Rheinland-Pfalz, Saarland<\/td>\n<td data-sheets-value=\"{&quot;1&quot;:2,&quot;2&quot;:&quot;Kein Br\u00fcckentag, aber 3 Tage frei&quot;}\">\n<div>\n<div>&#8211;<\/div>\n<\/div>\n<\/td>\n<\/tr>\n<tr>\n<td data-sheets-value=\"{&quot;1&quot;:2,&quot;2&quot;:&quot;Bu\u00df- und Bettag&quot;}\"><strong>Bu\u00df- und Bettag:<\/strong> Mittwoch 19. November, in Sachsen<\/td>\n<td data-sheets-value=\"{&quot;1&quot;:2,&quot;2&quot;:&quot;In KW 47 am Montag + Dienstag oder Donnerstag + Freitag frei nehmen = 5 freie Tage&quot;}\">\n<div>\n<div>Attraktiv f\u00fcr Sachsen: am Montag + Dienstag oder Donnerstag + Freitag frei nehmen = 5 freie Tage<\/div>\n<\/div>\n<\/td>\n<\/tr>\n<tr>\n<td data-sheets-value=\"{&quot;1&quot;:2,&quot;2&quot;:&quot;Weihnachten&quot;}\"><strong>Weihnachten:<\/strong> Donnerstag\/Freitag, 25.\/26. Dezember<\/td>\n<td data-sheets-value=\"{&quot;1&quot;:2,&quot;2&quot;:&quot;Am Freitag, 27. Dezember, Urlaub nehmen...&quot;}\">\n<div>\n<div>4 oder 5 Tage frei!<\/div>\n<\/div>\n<\/td>\n<\/tr>\n<\/tbody>\n<\/table><\/div>\n<p>&nbsp;<\/p>\n","protected":false},"excerpt":{"rendered":"<p>Br\u00fcckentage 2025: An einem Wochenende eine neue Stadt zu entdecken, kann ein toller Zweit- oder&hellip;<\/p>\n","protected":false},"author":26,"featured_media":23421,"comment_status":"closed","ping_status":"closed","sticky":false,"template":"","format":"standard","meta":{"_yoast_wpseo_focuskw":"Br\u00fcckentage 2024","_yoast_wpseo_title":"Br\u00fcckentage 2025: mit 1 Urlaubstag in ein langes Wochenende!","_yoast_wpseo_metadesc":"Br\u00fcckentage 2025: Sichere dir mit wenigen Urlaubstagen ein langes Wochenende, um St\u00e4dte zu entdecken, an Br\u00fccken- und Feiertagen 2025!","_lmt_disableupdate":"no","_lmt_disable":"","footnotes":""},"categories":[1060,1057,1091,4688,4687,4691,4657,1094,1064,1225],"tags":[],"class_list":["post-33541","post","type-post","status-publish","format-standard","has-post-thumbnail","hentry","category-amsterdam","category-barcelona","category-berlin","category-bruckentage","category-brussel-de","category-ferien","category-hamburg-2","category-kopenhagen-de","category-paris","category-wien"],"yoast_head":"<!-- This site is optimized with the Yoast SEO Premium plugin v27.3 (Yoast SEO v27.3) - https:\/\/yoast.com\/product\/yoast-seo-premium-wordpress\/ -->\n<title>Br\u00fcckentage 2025: mit 1 Urlaubstag in ein langes Wochenende!<\/title>\n<meta name=\"description\" content=\"Br\u00fcckentage 2025: Sichere dir mit wenigen Urlaubstagen ein langes Wochenende, um St\u00e4dte zu entdecken, an Br\u00fccken- und Feiertagen 2025!\" \/>\n<meta name=\"robots\" content=\"index, follow, max-snippet:-1, max-image-preview:large, max-video-preview:-1\" \/>\n<link rel=\"canonical\" href=\"https:\/\/www.bajabikes.eu\/blog\/de\/brueckentage-2025\/\" \/>\n<meta property=\"og:locale\" content=\"de_DE\" \/>\n<meta property=\"og:type\" content=\"article\" \/>\n<meta property=\"og:title\" content=\"Br\u00fcckentage 2025: mit wenigen Urlaubstagen eine 3- bis 4-t\u00e4gige St\u00e4dtetour planen!\" \/>\n<meta property=\"og:description\" content=\"Br\u00fcckentage 2025: Sichere dir mit wenigen Urlaubstagen ein langes Wochenende, um St\u00e4dte zu entdecken, an Br\u00fccken- und Feiertagen 2025!\" \/>\n<meta property=\"og:url\" content=\"https:\/\/www.bajabikes.eu\/blog\/de\/brueckentage-2025\/\" \/>\n<meta property=\"og:site_name\" content=\"Blog | Tolle Tipps f\u00fcr deine St\u00e4dtetrips &amp; Urlaub\" \/>\n<meta property=\"article:publisher\" content=\"https:\/\/www.facebook.com\/Bajabikes.bcn\/?brand_redir=1198817846835600\" \/>\n<meta property=\"article:published_time\" content=\"2025-04-04T11:20:55+00:00\" \/>\n<meta property=\"article:modified_time\" content=\"2025-04-04T11:42:36+00:00\" \/>\n<meta property=\"og:image\" content=\"https:\/\/cdn.bajabikes.eu\/blog\/wp-content\/uploads\/2022\/11\/02182516\/Trein-van-Amsterdam-naar-Brussel.jpg\" \/>\n\t<meta property=\"og:image:width\" content=\"940\" \/>\n\t<meta property=\"og:image:height\" content=\"788\" \/>\n\t<meta property=\"og:image:type\" content=\"image\/jpeg\" \/>\n<meta name=\"author\" content=\"Klaus Schneider\" \/>\n<meta name=\"twitter:label1\" content=\"Written by\" \/>\n\t<meta name=\"twitter:data1\" content=\"Klaus Schneider\" \/>\n\t<meta name=\"twitter:label2\" content=\"Est. reading time\" \/>\n\t<meta name=\"twitter:data2\" content=\"5 minutes\" \/>\n<script type=\"application\/ld+json\" class=\"yoast-schema-graph\">{\"@context\":\"https:\\\/\\\/schema.org\",\"@graph\":[{\"@type\":\"Article\",\"@id\":\"https:\\\/\\\/www.bajabikes.eu\\\/blog\\\/de\\\/brueckentage-2025\\\/#article\",\"isPartOf\":{\"@id\":\"https:\\\/\\\/www.bajabikes.eu\\\/blog\\\/de\\\/brueckentage-2025\\\/\"},\"author\":{\"name\":\"Klaus Schneider\",\"@id\":\"https:\\\/\\\/www.bajabikes.eu\\\/blog\\\/nl\\\/#\\\/schema\\\/person\\\/79288335eca8a97b2befff0931d30b90\"},\"headline\":\"Br\u00fcckentage 2025: mit wenigen Urlaubstagen eine 3- bis 4-t\u00e4gige St\u00e4dtetour planen!\",\"datePublished\":\"2025-04-04T11:20:55+00:00\",\"dateModified\":\"2025-04-04T11:42:36+00:00\",\"mainEntityOfPage\":{\"@id\":\"https:\\\/\\\/www.bajabikes.eu\\\/blog\\\/de\\\/brueckentage-2025\\\/\"},\"wordCount\":735,\"publisher\":{\"@id\":\"https:\\\/\\\/www.bajabikes.eu\\\/blog\\\/nl\\\/#organization\"},\"image\":{\"@id\":\"https:\\\/\\\/www.bajabikes.eu\\\/blog\\\/de\\\/brueckentage-2025\\\/#primaryimage\"},\"thumbnailUrl\":\"https:\\\/\\\/cdn.bajabikes.eu\\\/blog\\\/wp-content\\\/uploads\\\/2022\\\/11\\\/02182516\\\/Trein-van-Amsterdam-naar-Brussel.jpg\",\"articleSection\":[\"Amsterdam\",\"Barcelona\",\"Berlin\",\"Br\u00fcckentage\",\"Brussel\",\"Ferien\",\"Hamburg\",\"Kopenhagen\",\"Paris\",\"Wien\"],\"inLanguage\":\"de\"},{\"@type\":\"WebPage\",\"@id\":\"https:\\\/\\\/www.bajabikes.eu\\\/blog\\\/de\\\/brueckentage-2025\\\/\",\"url\":\"https:\\\/\\\/www.bajabikes.eu\\\/blog\\\/de\\\/brueckentage-2025\\\/\",\"name\":\"Br\u00fcckentage 2025: mit 1 Urlaubstag in ein langes Wochenende!\",\"isPartOf\":{\"@id\":\"https:\\\/\\\/www.bajabikes.eu\\\/blog\\\/nl\\\/#website\"},\"primaryImageOfPage\":{\"@id\":\"https:\\\/\\\/www.bajabikes.eu\\\/blog\\\/de\\\/brueckentage-2025\\\/#primaryimage\"},\"image\":{\"@id\":\"https:\\\/\\\/www.bajabikes.eu\\\/blog\\\/de\\\/brueckentage-2025\\\/#primaryimage\"},\"thumbnailUrl\":\"https:\\\/\\\/cdn.bajabikes.eu\\\/blog\\\/wp-content\\\/uploads\\\/2022\\\/11\\\/02182516\\\/Trein-van-Amsterdam-naar-Brussel.jpg\",\"datePublished\":\"2025-04-04T11:20:55+00:00\",\"dateModified\":\"2025-04-04T11:42:36+00:00\",\"description\":\"Br\u00fcckentage 2025: Sichere dir mit wenigen Urlaubstagen ein langes Wochenende, um St\u00e4dte zu entdecken, an Br\u00fccken- und Feiertagen 2025!\",\"breadcrumb\":{\"@id\":\"https:\\\/\\\/www.bajabikes.eu\\\/blog\\\/de\\\/brueckentage-2025\\\/#breadcrumb\"},\"inLanguage\":\"de\",\"potentialAction\":[{\"@type\":\"ReadAction\",\"target\":[\"https:\\\/\\\/www.bajabikes.eu\\\/blog\\\/de\\\/brueckentage-2025\\\/\"]}]},{\"@type\":\"ImageObject\",\"inLanguage\":\"de\",\"@id\":\"https:\\\/\\\/www.bajabikes.eu\\\/blog\\\/de\\\/brueckentage-2025\\\/#primaryimage\",\"url\":\"https:\\\/\\\/cdn.bajabikes.eu\\\/blog\\\/wp-content\\\/uploads\\\/2022\\\/11\\\/02182516\\\/Trein-van-Amsterdam-naar-Brussel.jpg\",\"contentUrl\":\"https:\\\/\\\/cdn.bajabikes.eu\\\/blog\\\/wp-content\\\/uploads\\\/2022\\\/11\\\/02182516\\\/Trein-van-Amsterdam-naar-Brussel.jpg\",\"width\":940,\"height\":788,\"caption\":\"trein Amsterdam Brussel\"},{\"@type\":\"BreadcrumbList\",\"@id\":\"https:\\\/\\\/www.bajabikes.eu\\\/blog\\\/de\\\/brueckentage-2025\\\/#breadcrumb\",\"itemListElement\":[{\"@type\":\"ListItem\",\"position\":1,\"name\":\"Home\",\"item\":\"https:\\\/\\\/www.bajabikes.eu\\\/blog\\\/nl\\\/\"},{\"@type\":\"ListItem\",\"position\":2,\"name\":\"Br\u00fcckentage 2025: mit wenigen Urlaubstagen eine 3- bis 4-t\u00e4gige St\u00e4dtetour planen!\"}]},{\"@type\":\"WebSite\",\"@id\":\"https:\\\/\\\/www.bajabikes.eu\\\/blog\\\/nl\\\/#website\",\"url\":\"https:\\\/\\\/www.bajabikes.eu\\\/blog\\\/nl\\\/\",\"name\":\"Citytrip blog vol tips. Ontdek wereldsteden op de fiets met gids!\",\"description\":\"Erlebe die sch\u00f6nsten Reiseziele mit den Tipps von Baja Bikes\",\"publisher\":{\"@id\":\"https:\\\/\\\/www.bajabikes.eu\\\/blog\\\/nl\\\/#organization\"},\"potentialAction\":[{\"@type\":\"SearchAction\",\"target\":{\"@type\":\"EntryPoint\",\"urlTemplate\":\"https:\\\/\\\/www.bajabikes.eu\\\/blog\\\/nl\\\/?s={search_term_string}\"},\"query-input\":{\"@type\":\"PropertyValueSpecification\",\"valueRequired\":true,\"valueName\":\"search_term_string\"}}],\"inLanguage\":\"de\"},{\"@type\":\"Organization\",\"@id\":\"https:\\\/\\\/www.bajabikes.eu\\\/blog\\\/nl\\\/#organization\",\"name\":\"Baja Bikes\",\"alternateName\":\"Baja Bikes Fietstours\",\"url\":\"https:\\\/\\\/www.bajabikes.eu\\\/blog\\\/nl\\\/\",\"logo\":{\"@type\":\"ImageObject\",\"inLanguage\":\"de\",\"@id\":\"https:\\\/\\\/www.bajabikes.eu\\\/blog\\\/nl\\\/#\\\/schema\\\/logo\\\/image\\\/\",\"url\":\"https:\\\/\\\/cdn.bajabikes.eu\\\/blog\\\/wp-content\\\/uploads\\\/2016\\\/03\\\/27160021\\\/Logo-Facebook.jpg\",\"contentUrl\":\"https:\\\/\\\/cdn.bajabikes.eu\\\/blog\\\/wp-content\\\/uploads\\\/2016\\\/03\\\/27160021\\\/Logo-Facebook.jpg\",\"width\":546,\"height\":546,\"caption\":\"Baja Bikes\"},\"image\":{\"@id\":\"https:\\\/\\\/www.bajabikes.eu\\\/blog\\\/nl\\\/#\\\/schema\\\/logo\\\/image\\\/\"},\"sameAs\":[\"https:\\\/\\\/www.facebook.com\\\/Bajabikes.bcn\\\/?brand_redir=1198817846835600\",\"https:\\\/\\\/x.com\\\/bajabikes\",\"https:\\\/\\\/www.instagram.com\\\/bajabikes\\\/?hl=nl\"],\"description\":\"Baja Bikes is de marktleider in Nederlandstalige en internationale fietstours in meer dan 200 steden wereldwijd. Sinds 2005 maken we het voor reizigers makkelijk om een stad te ontdekken met een lokale gids op de fiets. Of je nu reist met je gezin, partner of in een groep, wij bieden veilige, informatieve en leuke tours die starten in het hart van de stad. Onze tours zijn online te boeken met gegarandeerde starttijden.\",\"email\":\"info@bajabikes.eu\",\"telephone\":\"+34646252199\",\"legalName\":\"CITYTOURS & DREAMS, SL\",\"foundingDate\":\"2005-01-06\",\"vatID\":\"ESB64877202\",\"numberOfEmployees\":{\"@type\":\"QuantitativeValue\",\"minValue\":\"1\",\"maxValue\":\"10\"}},{\"@type\":\"Person\",\"@id\":\"https:\\\/\\\/www.bajabikes.eu\\\/blog\\\/nl\\\/#\\\/schema\\\/person\\\/79288335eca8a97b2befff0931d30b90\",\"name\":\"Klaus Schneider\",\"image\":{\"@type\":\"ImageObject\",\"inLanguage\":\"de\",\"@id\":\"https:\\\/\\\/secure.gravatar.com\\\/avatar\\\/cc54f33aef19682653373b89151abc1448decc996c8bfec08969aea615d39f33?s=96&d=mm&r=g\",\"url\":\"https:\\\/\\\/secure.gravatar.com\\\/avatar\\\/cc54f33aef19682653373b89151abc1448decc996c8bfec08969aea615d39f33?s=96&d=mm&r=g\",\"contentUrl\":\"https:\\\/\\\/secure.gravatar.com\\\/avatar\\\/cc54f33aef19682653373b89151abc1448decc996c8bfec08969aea615d39f33?s=96&d=mm&r=g\",\"caption\":\"Klaus Schneider\"},\"description\":\"Good content is inspiration and information for the user who wants to experience great cities.\",\"url\":\"https:\\\/\\\/www.bajabikes.eu\\\/blog\\\/de\\\/author\\\/klaus-schneider\\\/\"}]}<\/script>\n<!-- \/ Yoast SEO Premium plugin. -->","yoast_head_json":{"title":"Br\u00fcckentage 2025: mit 1 Urlaubstag in ein langes Wochenende!","description":"Br\u00fcckentage 2025: Sichere dir mit wenigen Urlaubstagen ein langes Wochenende, um St\u00e4dte zu entdecken, an Br\u00fccken- und Feiertagen 2025!","robots":{"index":"index","follow":"follow","max-snippet":"max-snippet:-1","max-image-preview":"max-image-preview:large","max-video-preview":"max-video-preview:-1"},"canonical":"https:\/\/www.bajabikes.eu\/blog\/de\/brueckentage-2025\/","og_locale":"de_DE","og_type":"article","og_title":"Br\u00fcckentage 2025: mit wenigen Urlaubstagen eine 3- bis 4-t\u00e4gige St\u00e4dtetour planen!","og_description":"Br\u00fcckentage 2025: Sichere dir mit wenigen Urlaubstagen ein langes Wochenende, um St\u00e4dte zu entdecken, an Br\u00fccken- und Feiertagen 2025!","og_url":"https:\/\/www.bajabikes.eu\/blog\/de\/brueckentage-2025\/","og_site_name":"Blog | Tolle Tipps f\u00fcr deine St\u00e4dtetrips & Urlaub","article_publisher":"https:\/\/www.facebook.com\/Bajabikes.bcn\/?brand_redir=1198817846835600","article_published_time":"2025-04-04T11:20:55+00:00","article_modified_time":"2025-04-04T11:42:36+00:00","og_image":[{"width":940,"height":788,"url":"https:\/\/cdn.bajabikes.eu\/blog\/wp-content\/uploads\/2022\/11\/02182516\/Trein-van-Amsterdam-naar-Brussel.jpg","type":"image\/jpeg"}],"author":"Klaus Schneider","twitter_misc":{"Written by":"Klaus Schneider","Est. reading time":"5 minutes"},"schema":{"@context":"https:\/\/schema.org","@graph":[{"@type":"Article","@id":"https:\/\/www.bajabikes.eu\/blog\/de\/brueckentage-2025\/#article","isPartOf":{"@id":"https:\/\/www.bajabikes.eu\/blog\/de\/brueckentage-2025\/"},"author":{"name":"Klaus Schneider","@id":"https:\/\/www.bajabikes.eu\/blog\/nl\/#\/schema\/person\/79288335eca8a97b2befff0931d30b90"},"headline":"Br\u00fcckentage 2025: mit wenigen Urlaubstagen eine 3- bis 4-t\u00e4gige St\u00e4dtetour planen!","datePublished":"2025-04-04T11:20:55+00:00","dateModified":"2025-04-04T11:42:36+00:00","mainEntityOfPage":{"@id":"https:\/\/www.bajabikes.eu\/blog\/de\/brueckentage-2025\/"},"wordCount":735,"publisher":{"@id":"https:\/\/www.bajabikes.eu\/blog\/nl\/#organization"},"image":{"@id":"https:\/\/www.bajabikes.eu\/blog\/de\/brueckentage-2025\/#primaryimage"},"thumbnailUrl":"https:\/\/cdn.bajabikes.eu\/blog\/wp-content\/uploads\/2022\/11\/02182516\/Trein-van-Amsterdam-naar-Brussel.jpg","articleSection":["Amsterdam","Barcelona","Berlin","Br\u00fcckentage","Brussel","Ferien","Hamburg","Kopenhagen","Paris","Wien"],"inLanguage":"de"},{"@type":"WebPage","@id":"https:\/\/www.bajabikes.eu\/blog\/de\/brueckentage-2025\/","url":"https:\/\/www.bajabikes.eu\/blog\/de\/brueckentage-2025\/","name":"Br\u00fcckentage 2025: mit 1 Urlaubstag in ein langes Wochenende!","isPartOf":{"@id":"https:\/\/www.bajabikes.eu\/blog\/nl\/#website"},"primaryImageOfPage":{"@id":"https:\/\/www.bajabikes.eu\/blog\/de\/brueckentage-2025\/#primaryimage"},"image":{"@id":"https:\/\/www.bajabikes.eu\/blog\/de\/brueckentage-2025\/#primaryimage"},"thumbnailUrl":"https:\/\/cdn.bajabikes.eu\/blog\/wp-content\/uploads\/2022\/11\/02182516\/Trein-van-Amsterdam-naar-Brussel.jpg","datePublished":"2025-04-04T11:20:55+00:00","dateModified":"2025-04-04T11:42:36+00:00","description":"Br\u00fcckentage 2025: Sichere dir mit wenigen Urlaubstagen ein langes Wochenende, um St\u00e4dte zu entdecken, an Br\u00fccken- und Feiertagen 2025!","breadcrumb":{"@id":"https:\/\/www.bajabikes.eu\/blog\/de\/brueckentage-2025\/#breadcrumb"},"inLanguage":"de","potentialAction":[{"@type":"ReadAction","target":["https:\/\/www.bajabikes.eu\/blog\/de\/brueckentage-2025\/"]}]},{"@type":"ImageObject","inLanguage":"de","@id":"https:\/\/www.bajabikes.eu\/blog\/de\/brueckentage-2025\/#primaryimage","url":"https:\/\/cdn.bajabikes.eu\/blog\/wp-content\/uploads\/2022\/11\/02182516\/Trein-van-Amsterdam-naar-Brussel.jpg","contentUrl":"https:\/\/cdn.bajabikes.eu\/blog\/wp-content\/uploads\/2022\/11\/02182516\/Trein-van-Amsterdam-naar-Brussel.jpg","width":940,"height":788,"caption":"trein Amsterdam Brussel"},{"@type":"BreadcrumbList","@id":"https:\/\/www.bajabikes.eu\/blog\/de\/brueckentage-2025\/#breadcrumb","itemListElement":[{"@type":"ListItem","position":1,"name":"Home","item":"https:\/\/www.bajabikes.eu\/blog\/nl\/"},{"@type":"ListItem","position":2,"name":"Br\u00fcckentage 2025: mit wenigen Urlaubstagen eine 3- bis 4-t\u00e4gige St\u00e4dtetour planen!"}]},{"@type":"WebSite","@id":"https:\/\/www.bajabikes.eu\/blog\/nl\/#website","url":"https:\/\/www.bajabikes.eu\/blog\/nl\/","name":"Citytrip blog vol tips. Ontdek wereldsteden op de fiets met gids!","description":"Erlebe die sch\u00f6nsten Reiseziele mit den Tipps von Baja Bikes","publisher":{"@id":"https:\/\/www.bajabikes.eu\/blog\/nl\/#organization"},"potentialAction":[{"@type":"SearchAction","target":{"@type":"EntryPoint","urlTemplate":"https:\/\/www.bajabikes.eu\/blog\/nl\/?s={search_term_string}"},"query-input":{"@type":"PropertyValueSpecification","valueRequired":true,"valueName":"search_term_string"}}],"inLanguage":"de"},{"@type":"Organization","@id":"https:\/\/www.bajabikes.eu\/blog\/nl\/#organization","name":"Baja Bikes","alternateName":"Baja Bikes Fietstours","url":"https:\/\/www.bajabikes.eu\/blog\/nl\/","logo":{"@type":"ImageObject","inLanguage":"de","@id":"https:\/\/www.bajabikes.eu\/blog\/nl\/#\/schema\/logo\/image\/","url":"https:\/\/cdn.bajabikes.eu\/blog\/wp-content\/uploads\/2016\/03\/27160021\/Logo-Facebook.jpg","contentUrl":"https:\/\/cdn.bajabikes.eu\/blog\/wp-content\/uploads\/2016\/03\/27160021\/Logo-Facebook.jpg","width":546,"height":546,"caption":"Baja Bikes"},"image":{"@id":"https:\/\/www.bajabikes.eu\/blog\/nl\/#\/schema\/logo\/image\/"},"sameAs":["https:\/\/www.facebook.com\/Bajabikes.bcn\/?brand_redir=1198817846835600","https:\/\/x.com\/bajabikes","https:\/\/www.instagram.com\/bajabikes\/?hl=nl"],"description":"Baja Bikes is de marktleider in Nederlandstalige en internationale fietstours in meer dan 200 steden wereldwijd. Sinds 2005 maken we het voor reizigers makkelijk om een stad te ontdekken met een lokale gids op de fiets. Of je nu reist met je gezin, partner of in een groep, wij bieden veilige, informatieve en leuke tours die starten in het hart van de stad. Onze tours zijn online te boeken met gegarandeerde starttijden.","email":"info@bajabikes.eu","telephone":"+34646252199","legalName":"CITYTOURS & DREAMS, SL","foundingDate":"2005-01-06","vatID":"ESB64877202","numberOfEmployees":{"@type":"QuantitativeValue","minValue":"1","maxValue":"10"}},{"@type":"Person","@id":"https:\/\/www.bajabikes.eu\/blog\/nl\/#\/schema\/person\/79288335eca8a97b2befff0931d30b90","name":"Klaus Schneider","image":{"@type":"ImageObject","inLanguage":"de","@id":"https:\/\/secure.gravatar.com\/avatar\/cc54f33aef19682653373b89151abc1448decc996c8bfec08969aea615d39f33?s=96&d=mm&r=g","url":"https:\/\/secure.gravatar.com\/avatar\/cc54f33aef19682653373b89151abc1448decc996c8bfec08969aea615d39f33?s=96&d=mm&r=g","contentUrl":"https:\/\/secure.gravatar.com\/avatar\/cc54f33aef19682653373b89151abc1448decc996c8bfec08969aea615d39f33?s=96&d=mm&r=g","caption":"Klaus Schneider"},"description":"Good content is inspiration and information for the user who wants to experience great cities.","url":"https:\/\/www.bajabikes.eu\/blog\/de\/author\/klaus-schneider\/"}]}},"_links":{"self":[{"href":"https:\/\/www.bajabikes.eu\/blog\/de\/wp-json\/wp\/v2\/posts\/33541","targetHints":{"allow":["GET"]}}],"collection":[{"href":"https:\/\/www.bajabikes.eu\/blog\/de\/wp-json\/wp\/v2\/posts"}],"about":[{"href":"https:\/\/www.bajabikes.eu\/blog\/de\/wp-json\/wp\/v2\/types\/post"}],"author":[{"embeddable":true,"href":"https:\/\/www.bajabikes.eu\/blog\/de\/wp-json\/wp\/v2\/users\/26"}],"replies":[{"embeddable":true,"href":"https:\/\/www.bajabikes.eu\/blog\/de\/wp-json\/wp\/v2\/comments?post=33541"}],"version-history":[{"count":2,"href":"https:\/\/www.bajabikes.eu\/blog\/de\/wp-json\/wp\/v2\/posts\/33541\/revisions"}],"predecessor-version":[{"id":36099,"href":"https:\/\/www.bajabikes.eu\/blog\/de\/wp-json\/wp\/v2\/posts\/33541\/revisions\/36099"}],"wp:featuredmedia":[{"embeddable":true,"href":"https:\/\/www.bajabikes.eu\/blog\/de\/wp-json\/wp\/v2\/media\/23421"}],"wp:attachment":[{"href":"https:\/\/www.bajabikes.eu\/blog\/de\/wp-json\/wp\/v2\/media?parent=33541"}],"wp:term":[{"taxonomy":"category","embeddable":true,"href":"https:\/\/www.bajabikes.eu\/blog\/de\/wp-json\/wp\/v2\/categories?post=33541"},{"taxonomy":"post_tag","embeddable":true,"href":"https:\/\/www.bajabikes.eu\/blog\/de\/wp-json\/wp\/v2\/tags?post=33541"}],"curies":[{"name":"wp","href":"https:\/\/api.w.org\/{rel}","templated":true}]}}