{"id":18306,"date":"2023-06-20T12:45:27","date_gmt":"2023-06-20T10:45:27","guid":{"rendered":"https:\/\/www.bajabikes.eu\/blog\/?p=18306"},"modified":"2023-06-20T15:04:35","modified_gmt":"2023-06-20T13:04:35","slug":"se-do-porto-de-kathedraal-van-porto","status":"publish","type":"post","link":"https:\/\/www.bajabikes.eu\/blog\/nl\/se-do-porto-de-kathedraal-van-porto\/","title":{"rendered":"S\u00e9 do Porto: de kathedraal van Porto"},"content":{"rendered":"<p>Van alle <a href=\"https:\/\/www.bajabikes.eu\/blog\/nl\/porto-bezienswaardigheden\/\" target=\"_blank\" rel=\"noopener\">bezienswaardigheden in Porto<\/a> is de S\u00e9 do Porto hoogstwaarschijnlijk de oudste. De eerste steen van deze kathedraal is al in 1110 gelegd al is het overgrote deel van wat er vandaag te zien valt een stuk nieuwer. Je hoeft niet religieus te zijn om toch te genieten van deze kathedraal.<\/p>\n<p><a href=\"https:\/\/www.bajabikes.eu\/nl\/tours-in-porto\/?utm_source=blog&amp;utm_medium=kathedraal&amp;utm_campaign=porto&amp;utm_content=banner\"><img fetchpriority=\"high\" decoding=\"async\" class=\"aligncenter size-full wp-image-13495\" src=\"https:\/\/cdn.bajabikes.eu\/blog\/wp-content\/uploads\/2019\/07\/30163100\/banner-Porto-1.jpg\" alt=\"Fietsen in Porto\" width=\"728\" height=\"90\" srcset=\"https:\/\/cdn.bajabikes.eu\/blog\/wp-content\/uploads\/2019\/07\/30163100\/banner-Porto-1.jpg 728w, https:\/\/cdn.bajabikes.eu\/blog\/wp-content\/uploads\/2019\/07\/30163100\/banner-Porto-1-300x37.jpg 300w\" sizes=\"(max-width: 728px) 100vw, 728px\" \/><\/a><\/p>\n<h2>De kathedraal van Porto<\/h2>\n<p>Veel Zuid-Europese steden hebben indrukwekkende kathedralen en Porto is geen uitzondering. Deze stad in het katholieke Portugal speelde een belangrijke rol voor de kerk in de middeleeuwen en dus was het noodzakelijk dat er een kathedraal kwam. Net als vele kerken uit die tijd duurde het wel even voordat de S\u00e9 do Porto af was. Ook lijken ze niet altijd blij te zijn geweest met het originele ontwerp. Er is door de eeuwen heen dan ook van alles bij aan gebouwd. Enkele grote delen die vooral vandaag veel publiek trekken, komen uit de 18e eeuw.<\/p>\n<p>Vergeleken met andere steden is de S\u00e9 do Porto eigenlijk maar een kleine kathedraal. Dat neemt niet weg dat deze kerk in de barokke stijl een aanrader is tijdens je stedentrip. De twee torens vallen direct op zodra je aankomt op het plein. Naast de kathedraal vind je een mooi museum waar de schatten van de kathedraal tentoongesteld staan. Het meest indrukwekkende hier is toch wel het paleis van de bisschop aan het plein voor de kathedraal. Vanaf de oever van de Douro, als je naar de heerlijke Ribeira-wijk kijkt, valt het paleis eerder op dan de kathedraal S\u00e9 do Porto.<\/p>\n<p><img decoding=\"async\" class=\"alignnone size-full wp-image-30724\" src=\"https:\/\/cdn.bajabikes.eu\/blog\/wp-content\/uploads\/2020\/03\/20115415\/se-do-porto.jpg\" alt=\" se\u0301 do porto\" width=\"800\" height=\"400\" srcset=\"https:\/\/cdn.bajabikes.eu\/blog\/wp-content\/uploads\/2020\/03\/20115415\/se-do-porto.jpg 800w, https:\/\/cdn.bajabikes.eu\/blog\/wp-content\/uploads\/2020\/03\/20115415\/se-do-porto-300x150.jpg 300w, https:\/\/cdn.bajabikes.eu\/blog\/wp-content\/uploads\/2020\/03\/20115415\/se-do-porto-768x384.jpg 768w, https:\/\/cdn.bajabikes.eu\/blog\/wp-content\/uploads\/2020\/03\/20115415\/se-do-porto-585x293.jpg 585w\" sizes=\"(max-width: 800px) 100vw, 800px\" \/><\/p>\n<h2>Architectuur S\u00e9 d0 Porto<\/h2>\n<p>Het exterieur van de Kathedraal van Porto is een lust voor het oog. De imposante gevel toont een harmonieuze mix van Romaanse, Gotische en Barokke elementen. De grote ingang, versierd met intrigerende steenhouwwerken en imposante standbeelden, verwelkomt bezoekers in een wereld van architectonische pracht.<\/p>\n<p>Betreed de gewijde ruimtes van de Kathedraal van Porto en laat u betoveren door de elegante interieurs die een sfeer van rust uitstralen. Het schip van de kathedraal pronkt met hoge plafonds, prachtige altaarstukken en schitterende gebrandschilderde ramen, die zacht licht binnenlaten en de ruimte verlichten.<\/p>\n<h2>Museum van de Kathedraal van Porto<\/h2>\n<p>De kathedraal herbergt een fascinerend museum, een schatkamer van religieuze voorwerpen en historische artefacten. Binnen de muren van het museum kunnen bezoekers een uitgebreide collectie religieuze kunstwerken verkennen, waaronder schilderijen, beeldhouwwerken, liturgische objecten en liturgische kleding. Het museum biedt een dieper inzicht in het culturele erfgoed dat verbonden is met de Kathedraal van Porto.<\/p>\n<h2>Muzikale Wonderen<\/h2>\n<p>Naast zijn architectonische pracht staat de Kathedraal van Porto bekend als een pleitbezorger van kunst en muziek. Het is beroemd om zijn muzikale evenementen, waar betoverende optredens plaatsvinden die resoneren in de heilige muren. De betoverende melodie\u00ebn en harmonieuze gezangen boeien het publiek en cre\u00ebren een sfeer van schoonheid en spiritualiteit, waardoor de bezoekers een onvergetelijke ervaring beleven.<\/p>\n<h2>Omgeving S\u00e9 do Porto<\/h2>\n<p>Buiten de muren van de Kathedraal van Porto wacht een betoverende buurt om ontdekt te worden. De charmante straatjes van Porto leiden naar pittoreske uitzichtpunten, gezellige caf\u00e9s en bruisende markten. Maak een wandeling door de historische wijk Ribeira, geniet van lokale delicatessen en dompel uzelf onder in de levendige sfeer van Porto.<\/p>\n<p>Voor degenen die op zoek zijn naar adembenemende panorama&#8217;s is een beklimming naar de top van de klokkentoren van de kathedraal een must. Terwijl u de kronkelende trap opgaat, ontvouwen zich geleidelijk aan panoramische uitzichten over Porto en de rivier de Douro, die een onuitwisbare indruk achterlaten in uw geheugen.<\/p>\n<p><img decoding=\"async\" class=\"alignnone size-full wp-image-30726\" src=\"https:\/\/cdn.bajabikes.eu\/blog\/wp-content\/uploads\/2020\/03\/20115506\/se-do-porto-1.jpg\" alt=\"se\u0301 do porto \" width=\"800\" height=\"400\" srcset=\"https:\/\/cdn.bajabikes.eu\/blog\/wp-content\/uploads\/2020\/03\/20115506\/se-do-porto-1.jpg 800w, https:\/\/cdn.bajabikes.eu\/blog\/wp-content\/uploads\/2020\/03\/20115506\/se-do-porto-1-300x150.jpg 300w, https:\/\/cdn.bajabikes.eu\/blog\/wp-content\/uploads\/2020\/03\/20115506\/se-do-porto-1-768x384.jpg 768w, https:\/\/cdn.bajabikes.eu\/blog\/wp-content\/uploads\/2020\/03\/20115506\/se-do-porto-1-585x293.jpg 585w\" sizes=\"(max-width: 800px) 100vw, 800px\" \/><\/p>\n<h2>De S\u00e9 do Porto mag niet ontbreken<\/h2>\n<p>Tijdens je stedentrip naar deze heerlijke stad raden we je aan om direct bij aankomst te kiezen voor de <a href=\"https:\/\/www.bajabikes.eu\/nl\/porto-highlights-fietstour\/?utm_source=blog&amp;utm_medium=kathedraal&amp;utm_campaign=porto&amp;utm_content=tekst\">Porto Fietstour: de Highlights<\/a> met Nederlandse gids. In slechts enkele uren tijd leer je de stad echt goed kennen. De rondleiding met gids begint bovenaan in de stad en zo rol je langzaam naar beneden langs alle bezienswaardigheden van de stad.<\/p>\n<p>&nbsp;<\/p>\n","protected":false},"excerpt":{"rendered":"<p>Van alle bezienswaardigheden in Porto is de S\u00e9 do Porto hoogstwaarschijnlijk de oudste. De eerste&hellip;<\/p>\n","protected":false},"author":35,"featured_media":18309,"comment_status":"closed","ping_status":"closed","sticky":false,"template":"","format":"standard","meta":{"_yoast_wpseo_focuskw":"S\u00e9 do Porto","_yoast_wpseo_title":"De kathedraal van Porto oftewel de S\u00e9 do Porto - Baja Bikes","_yoast_wpseo_metadesc":"Van alle bezienswaardigheden in Porto is de S\u00e9 do Porto hoogstwaarschijnlijk de oudste. Je hoeft niet religieus te zijn om toch te genieten.","_lmt_disableupdate":"","_lmt_disable":"","footnotes":""},"categories":[333],"tags":[],"class_list":["post-18306","post","type-post","status-publish","format-standard","has-post-thumbnail","hentry","category-porto"],"yoast_head":"<!-- This site is optimized with the Yoast SEO Premium plugin v27.3 (Yoast SEO v27.3) - https:\/\/yoast.com\/product\/yoast-seo-premium-wordpress\/ -->\n<title>De kathedraal van Porto oftewel de S\u00e9 do Porto - Baja Bikes<\/title>\n<meta name=\"description\" content=\"Van alle bezienswaardigheden in Porto is de S\u00e9 do Porto hoogstwaarschijnlijk de oudste. Je hoeft niet religieus te zijn om toch te genieten.\" \/>\n<meta name=\"robots\" content=\"index, follow, max-snippet:-1, max-image-preview:large, max-video-preview:-1\" \/>\n<link rel=\"canonical\" href=\"https:\/\/www.bajabikes.eu\/blog\/nl\/se-do-porto-de-kathedraal-van-porto\/\" \/>\n<meta property=\"og:locale\" content=\"nl_NL\" \/>\n<meta property=\"og:type\" content=\"article\" \/>\n<meta property=\"og:title\" content=\"De kathedraal van Porto oftewel de S\u00e9 do Porto - Baja Bikes\" \/>\n<meta property=\"og:description\" content=\"Van alle bezienswaardigheden in Porto is de S\u00e9 do Porto hoogstwaarschijnlijk de oudste. Je hoeft niet religieus te zijn om toch te genieten.\" \/>\n<meta property=\"og:url\" content=\"https:\/\/www.bajabikes.eu\/blog\/nl\/se-do-porto-de-kathedraal-van-porto\/\" \/>\n<meta property=\"og:site_name\" content=\"Blog | Tolle Tipps f\u00fcr deine St\u00e4dtetrips &amp; Urlaub\" \/>\n<meta property=\"article:publisher\" content=\"https:\/\/www.facebook.com\/Bajabikes.bcn\/?brand_redir=1198817846835600\" \/>\n<meta property=\"article:published_time\" content=\"2023-06-20T10:45:27+00:00\" \/>\n<meta property=\"article:modified_time\" content=\"2023-06-20T13:04:35+00:00\" \/>\n<meta property=\"og:image\" content=\"https:\/\/cdn.bajabikes.eu\/blog\/wp-content\/uploads\/2020\/03\/21110339\/Het-interieur-en-altaar-van-Se-do-Porto-1.jpg\" \/>\n\t<meta property=\"og:image:width\" content=\"800\" \/>\n\t<meta property=\"og:image:height\" content=\"1067\" \/>\n\t<meta property=\"og:image:type\" content=\"image\/jpeg\" \/>\n<meta name=\"author\" content=\"Max van Tol\" \/>\n<meta name=\"twitter:label1\" content=\"Written by\" \/>\n\t<meta name=\"twitter:data1\" content=\"Max van Tol\" \/>\n\t<meta name=\"twitter:label2\" content=\"Est. reading time\" \/>\n\t<meta name=\"twitter:data2\" content=\"4 minutes\" \/>\n<script type=\"application\/ld+json\" class=\"yoast-schema-graph\">{\"@context\":\"https:\\\/\\\/schema.org\",\"@graph\":[{\"@type\":\"Article\",\"@id\":\"https:\\\/\\\/www.bajabikes.eu\\\/blog\\\/nl\\\/se-do-porto-de-kathedraal-van-porto\\\/#article\",\"isPartOf\":{\"@id\":\"https:\\\/\\\/www.bajabikes.eu\\\/blog\\\/nl\\\/se-do-porto-de-kathedraal-van-porto\\\/\"},\"author\":{\"name\":\"Max van Tol\",\"@id\":\"https:\\\/\\\/www.bajabikes.eu\\\/blog\\\/nl\\\/#\\\/schema\\\/person\\\/9f6cc127d6bc10b22e7610bbf140f007\"},\"headline\":\"S\u00e9 do Porto: de kathedraal van Porto\",\"datePublished\":\"2023-06-20T10:45:27+00:00\",\"dateModified\":\"2023-06-20T13:04:35+00:00\",\"mainEntityOfPage\":{\"@id\":\"https:\\\/\\\/www.bajabikes.eu\\\/blog\\\/nl\\\/se-do-porto-de-kathedraal-van-porto\\\/\"},\"wordCount\":650,\"publisher\":{\"@id\":\"https:\\\/\\\/www.bajabikes.eu\\\/blog\\\/nl\\\/#organization\"},\"image\":{\"@id\":\"https:\\\/\\\/www.bajabikes.eu\\\/blog\\\/nl\\\/se-do-porto-de-kathedraal-van-porto\\\/#primaryimage\"},\"thumbnailUrl\":\"https:\\\/\\\/cdn.bajabikes.eu\\\/blog\\\/wp-content\\\/uploads\\\/2020\\\/03\\\/24124403\\\/Kathedraal-van-Porto.jpg\",\"articleSection\":[\"Porto\"],\"inLanguage\":\"nl\"},{\"@type\":\"WebPage\",\"@id\":\"https:\\\/\\\/www.bajabikes.eu\\\/blog\\\/nl\\\/se-do-porto-de-kathedraal-van-porto\\\/\",\"url\":\"https:\\\/\\\/www.bajabikes.eu\\\/blog\\\/nl\\\/se-do-porto-de-kathedraal-van-porto\\\/\",\"name\":\"De kathedraal van Porto oftewel de S\u00e9 do Porto - Baja Bikes\",\"isPartOf\":{\"@id\":\"https:\\\/\\\/www.bajabikes.eu\\\/blog\\\/nl\\\/#website\"},\"primaryImageOfPage\":{\"@id\":\"https:\\\/\\\/www.bajabikes.eu\\\/blog\\\/nl\\\/se-do-porto-de-kathedraal-van-porto\\\/#primaryimage\"},\"image\":{\"@id\":\"https:\\\/\\\/www.bajabikes.eu\\\/blog\\\/nl\\\/se-do-porto-de-kathedraal-van-porto\\\/#primaryimage\"},\"thumbnailUrl\":\"https:\\\/\\\/cdn.bajabikes.eu\\\/blog\\\/wp-content\\\/uploads\\\/2020\\\/03\\\/24124403\\\/Kathedraal-van-Porto.jpg\",\"datePublished\":\"2023-06-20T10:45:27+00:00\",\"dateModified\":\"2023-06-20T13:04:35+00:00\",\"description\":\"Van alle bezienswaardigheden in Porto is de S\u00e9 do Porto hoogstwaarschijnlijk de oudste. Je hoeft niet religieus te zijn om toch te genieten.\",\"breadcrumb\":{\"@id\":\"https:\\\/\\\/www.bajabikes.eu\\\/blog\\\/nl\\\/se-do-porto-de-kathedraal-van-porto\\\/#breadcrumb\"},\"inLanguage\":\"nl\",\"potentialAction\":[{\"@type\":\"ReadAction\",\"target\":[\"https:\\\/\\\/www.bajabikes.eu\\\/blog\\\/nl\\\/se-do-porto-de-kathedraal-van-porto\\\/\"]}]},{\"@type\":\"ImageObject\",\"inLanguage\":\"nl\",\"@id\":\"https:\\\/\\\/www.bajabikes.eu\\\/blog\\\/nl\\\/se-do-porto-de-kathedraal-van-porto\\\/#primaryimage\",\"url\":\"https:\\\/\\\/cdn.bajabikes.eu\\\/blog\\\/wp-content\\\/uploads\\\/2020\\\/03\\\/24124403\\\/Kathedraal-van-Porto.jpg\",\"contentUrl\":\"https:\\\/\\\/cdn.bajabikes.eu\\\/blog\\\/wp-content\\\/uploads\\\/2020\\\/03\\\/24124403\\\/Kathedraal-van-Porto.jpg\",\"width\":800,\"height\":533,\"caption\":\"Kathedraal van Porto\"},{\"@type\":\"BreadcrumbList\",\"@id\":\"https:\\\/\\\/www.bajabikes.eu\\\/blog\\\/nl\\\/se-do-porto-de-kathedraal-van-porto\\\/#breadcrumb\",\"itemListElement\":[{\"@type\":\"ListItem\",\"position\":1,\"name\":\"Home\",\"item\":\"https:\\\/\\\/www.bajabikes.eu\\\/blog\\\/nl\\\/\"},{\"@type\":\"ListItem\",\"position\":2,\"name\":\"S\u00e9 do Porto: de kathedraal van Porto\"}]},{\"@type\":\"WebSite\",\"@id\":\"https:\\\/\\\/www.bajabikes.eu\\\/blog\\\/nl\\\/#website\",\"url\":\"https:\\\/\\\/www.bajabikes.eu\\\/blog\\\/nl\\\/\",\"name\":\"Citytrip blog vol tips. Ontdek wereldsteden op de fiets met gids!\",\"description\":\"De beste bezienswaardigheden, wat je kun doen en niet mag missen tijdens je citytrip!\",\"publisher\":{\"@id\":\"https:\\\/\\\/www.bajabikes.eu\\\/blog\\\/nl\\\/#organization\"},\"potentialAction\":[{\"@type\":\"SearchAction\",\"target\":{\"@type\":\"EntryPoint\",\"urlTemplate\":\"https:\\\/\\\/www.bajabikes.eu\\\/blog\\\/nl\\\/?s={search_term_string}\"},\"query-input\":{\"@type\":\"PropertyValueSpecification\",\"valueRequired\":true,\"valueName\":\"search_term_string\"}}],\"inLanguage\":\"nl\"},{\"@type\":\"Organization\",\"@id\":\"https:\\\/\\\/www.bajabikes.eu\\\/blog\\\/nl\\\/#organization\",\"name\":\"Baja Bikes\",\"alternateName\":\"Baja Bikes Fietstours\",\"url\":\"https:\\\/\\\/www.bajabikes.eu\\\/blog\\\/nl\\\/\",\"logo\":{\"@type\":\"ImageObject\",\"inLanguage\":\"nl\",\"@id\":\"https:\\\/\\\/www.bajabikes.eu\\\/blog\\\/nl\\\/#\\\/schema\\\/logo\\\/image\\\/\",\"url\":\"https:\\\/\\\/cdn.bajabikes.eu\\\/blog\\\/wp-content\\\/uploads\\\/2016\\\/03\\\/27160021\\\/Logo-Facebook.jpg\",\"contentUrl\":\"https:\\\/\\\/cdn.bajabikes.eu\\\/blog\\\/wp-content\\\/uploads\\\/2016\\\/03\\\/27160021\\\/Logo-Facebook.jpg\",\"width\":546,\"height\":546,\"caption\":\"Baja Bikes\"},\"image\":{\"@id\":\"https:\\\/\\\/www.bajabikes.eu\\\/blog\\\/nl\\\/#\\\/schema\\\/logo\\\/image\\\/\"},\"sameAs\":[\"https:\\\/\\\/www.facebook.com\\\/Bajabikes.bcn\\\/?brand_redir=1198817846835600\",\"https:\\\/\\\/x.com\\\/bajabikes\",\"https:\\\/\\\/www.instagram.com\\\/bajabikes\\\/?hl=nl\"],\"description\":\"Baja Bikes is de marktleider in Nederlandstalige en internationale fietstours in meer dan 200 steden wereldwijd. Sinds 2005 maken we het voor reizigers makkelijk om een stad te ontdekken met een lokale gids op de fiets. Of je nu reist met je gezin, partner of in een groep, wij bieden veilige, informatieve en leuke tours die starten in het hart van de stad. Onze tours zijn online te boeken met gegarandeerde starttijden.\",\"email\":\"info@bajabikes.eu\",\"telephone\":\"+34646252199\",\"legalName\":\"CITYTOURS & DREAMS, SL\",\"foundingDate\":\"2005-01-06\",\"vatID\":\"ESB64877202\",\"numberOfEmployees\":{\"@type\":\"QuantitativeValue\",\"minValue\":\"1\",\"maxValue\":\"10\"}},{\"@type\":\"Person\",\"@id\":\"https:\\\/\\\/www.bajabikes.eu\\\/blog\\\/nl\\\/#\\\/schema\\\/person\\\/9f6cc127d6bc10b22e7610bbf140f007\",\"name\":\"Max van Tol\",\"image\":{\"@type\":\"ImageObject\",\"inLanguage\":\"nl\",\"@id\":\"https:\\\/\\\/secure.gravatar.com\\\/avatar\\\/02c54aed38de4b6f52a6d10f84202e1ff0b578145ead6134b89a61d8df0e0862?s=96&d=mm&r=g\",\"url\":\"https:\\\/\\\/secure.gravatar.com\\\/avatar\\\/02c54aed38de4b6f52a6d10f84202e1ff0b578145ead6134b89a61d8df0e0862?s=96&d=mm&r=g\",\"contentUrl\":\"https:\\\/\\\/secure.gravatar.com\\\/avatar\\\/02c54aed38de4b6f52a6d10f84202e1ff0b578145ead6134b89a61d8df0e0862?s=96&d=mm&r=g\",\"caption\":\"Max van Tol\"},\"description\":\"Max heeft een diepe interesse in buitenlandse bestemmingen en weet deze passie om te zetten in levendige blogs. Met een scherp oog voor detail en een creatieve pen, neemt hij de lezers mee op een reis naar de meest unieke en prachtige plekken ter wereld.\",\"gender\":\"male\",\"jobTitle\":\"Copywriter\",\"url\":\"https:\\\/\\\/www.bajabikes.eu\\\/blog\\\/nl\\\/author\\\/max\\\/\"}]}<\/script>\n<!-- \/ Yoast SEO Premium plugin. -->","yoast_head_json":{"title":"De kathedraal van Porto oftewel de S\u00e9 do Porto - Baja Bikes","description":"Van alle bezienswaardigheden in Porto is de S\u00e9 do Porto hoogstwaarschijnlijk de oudste. Je hoeft niet religieus te zijn om toch te genieten.","robots":{"index":"index","follow":"follow","max-snippet":"max-snippet:-1","max-image-preview":"max-image-preview:large","max-video-preview":"max-video-preview:-1"},"canonical":"https:\/\/www.bajabikes.eu\/blog\/nl\/se-do-porto-de-kathedraal-van-porto\/","og_locale":"nl_NL","og_type":"article","og_title":"De kathedraal van Porto oftewel de S\u00e9 do Porto - Baja Bikes","og_description":"Van alle bezienswaardigheden in Porto is de S\u00e9 do Porto hoogstwaarschijnlijk de oudste. Je hoeft niet religieus te zijn om toch te genieten.","og_url":"https:\/\/www.bajabikes.eu\/blog\/nl\/se-do-porto-de-kathedraal-van-porto\/","og_site_name":"Blog | Tolle Tipps f\u00fcr deine St\u00e4dtetrips & Urlaub","article_publisher":"https:\/\/www.facebook.com\/Bajabikes.bcn\/?brand_redir=1198817846835600","article_published_time":"2023-06-20T10:45:27+00:00","article_modified_time":"2023-06-20T13:04:35+00:00","og_image":[{"width":800,"height":1067,"url":"https:\/\/cdn.bajabikes.eu\/blog\/wp-content\/uploads\/2020\/03\/21110339\/Het-interieur-en-altaar-van-Se-do-Porto-1.jpg","type":"image\/jpeg"}],"author":"Max van Tol","twitter_misc":{"Written by":"Max van Tol","Est. reading time":"4 minutes"},"schema":{"@context":"https:\/\/schema.org","@graph":[{"@type":"Article","@id":"https:\/\/www.bajabikes.eu\/blog\/nl\/se-do-porto-de-kathedraal-van-porto\/#article","isPartOf":{"@id":"https:\/\/www.bajabikes.eu\/blog\/nl\/se-do-porto-de-kathedraal-van-porto\/"},"author":{"name":"Max van Tol","@id":"https:\/\/www.bajabikes.eu\/blog\/nl\/#\/schema\/person\/9f6cc127d6bc10b22e7610bbf140f007"},"headline":"S\u00e9 do Porto: de kathedraal van Porto","datePublished":"2023-06-20T10:45:27+00:00","dateModified":"2023-06-20T13:04:35+00:00","mainEntityOfPage":{"@id":"https:\/\/www.bajabikes.eu\/blog\/nl\/se-do-porto-de-kathedraal-van-porto\/"},"wordCount":650,"publisher":{"@id":"https:\/\/www.bajabikes.eu\/blog\/nl\/#organization"},"image":{"@id":"https:\/\/www.bajabikes.eu\/blog\/nl\/se-do-porto-de-kathedraal-van-porto\/#primaryimage"},"thumbnailUrl":"https:\/\/cdn.bajabikes.eu\/blog\/wp-content\/uploads\/2020\/03\/24124403\/Kathedraal-van-Porto.jpg","articleSection":["Porto"],"inLanguage":"nl"},{"@type":"WebPage","@id":"https:\/\/www.bajabikes.eu\/blog\/nl\/se-do-porto-de-kathedraal-van-porto\/","url":"https:\/\/www.bajabikes.eu\/blog\/nl\/se-do-porto-de-kathedraal-van-porto\/","name":"De kathedraal van Porto oftewel de S\u00e9 do Porto - Baja Bikes","isPartOf":{"@id":"https:\/\/www.bajabikes.eu\/blog\/nl\/#website"},"primaryImageOfPage":{"@id":"https:\/\/www.bajabikes.eu\/blog\/nl\/se-do-porto-de-kathedraal-van-porto\/#primaryimage"},"image":{"@id":"https:\/\/www.bajabikes.eu\/blog\/nl\/se-do-porto-de-kathedraal-van-porto\/#primaryimage"},"thumbnailUrl":"https:\/\/cdn.bajabikes.eu\/blog\/wp-content\/uploads\/2020\/03\/24124403\/Kathedraal-van-Porto.jpg","datePublished":"2023-06-20T10:45:27+00:00","dateModified":"2023-06-20T13:04:35+00:00","description":"Van alle bezienswaardigheden in Porto is de S\u00e9 do Porto hoogstwaarschijnlijk de oudste. Je hoeft niet religieus te zijn om toch te genieten.","breadcrumb":{"@id":"https:\/\/www.bajabikes.eu\/blog\/nl\/se-do-porto-de-kathedraal-van-porto\/#breadcrumb"},"inLanguage":"nl","potentialAction":[{"@type":"ReadAction","target":["https:\/\/www.bajabikes.eu\/blog\/nl\/se-do-porto-de-kathedraal-van-porto\/"]}]},{"@type":"ImageObject","inLanguage":"nl","@id":"https:\/\/www.bajabikes.eu\/blog\/nl\/se-do-porto-de-kathedraal-van-porto\/#primaryimage","url":"https:\/\/cdn.bajabikes.eu\/blog\/wp-content\/uploads\/2020\/03\/24124403\/Kathedraal-van-Porto.jpg","contentUrl":"https:\/\/cdn.bajabikes.eu\/blog\/wp-content\/uploads\/2020\/03\/24124403\/Kathedraal-van-Porto.jpg","width":800,"height":533,"caption":"Kathedraal van Porto"},{"@type":"BreadcrumbList","@id":"https:\/\/www.bajabikes.eu\/blog\/nl\/se-do-porto-de-kathedraal-van-porto\/#breadcrumb","itemListElement":[{"@type":"ListItem","position":1,"name":"Home","item":"https:\/\/www.bajabikes.eu\/blog\/nl\/"},{"@type":"ListItem","position":2,"name":"S\u00e9 do Porto: de kathedraal van Porto"}]},{"@type":"WebSite","@id":"https:\/\/www.bajabikes.eu\/blog\/nl\/#website","url":"https:\/\/www.bajabikes.eu\/blog\/nl\/","name":"Citytrip blog vol tips. Ontdek wereldsteden op de fiets met gids!","description":"De beste bezienswaardigheden, wat je kun doen en niet mag missen tijdens je citytrip!","publisher":{"@id":"https:\/\/www.bajabikes.eu\/blog\/nl\/#organization"},"potentialAction":[{"@type":"SearchAction","target":{"@type":"EntryPoint","urlTemplate":"https:\/\/www.bajabikes.eu\/blog\/nl\/?s={search_term_string}"},"query-input":{"@type":"PropertyValueSpecification","valueRequired":true,"valueName":"search_term_string"}}],"inLanguage":"nl"},{"@type":"Organization","@id":"https:\/\/www.bajabikes.eu\/blog\/nl\/#organization","name":"Baja Bikes","alternateName":"Baja Bikes Fietstours","url":"https:\/\/www.bajabikes.eu\/blog\/nl\/","logo":{"@type":"ImageObject","inLanguage":"nl","@id":"https:\/\/www.bajabikes.eu\/blog\/nl\/#\/schema\/logo\/image\/","url":"https:\/\/cdn.bajabikes.eu\/blog\/wp-content\/uploads\/2016\/03\/27160021\/Logo-Facebook.jpg","contentUrl":"https:\/\/cdn.bajabikes.eu\/blog\/wp-content\/uploads\/2016\/03\/27160021\/Logo-Facebook.jpg","width":546,"height":546,"caption":"Baja Bikes"},"image":{"@id":"https:\/\/www.bajabikes.eu\/blog\/nl\/#\/schema\/logo\/image\/"},"sameAs":["https:\/\/www.facebook.com\/Bajabikes.bcn\/?brand_redir=1198817846835600","https:\/\/x.com\/bajabikes","https:\/\/www.instagram.com\/bajabikes\/?hl=nl"],"description":"Baja Bikes is de marktleider in Nederlandstalige en internationale fietstours in meer dan 200 steden wereldwijd. Sinds 2005 maken we het voor reizigers makkelijk om een stad te ontdekken met een lokale gids op de fiets. Of je nu reist met je gezin, partner of in een groep, wij bieden veilige, informatieve en leuke tours die starten in het hart van de stad. Onze tours zijn online te boeken met gegarandeerde starttijden.","email":"info@bajabikes.eu","telephone":"+34646252199","legalName":"CITYTOURS & DREAMS, SL","foundingDate":"2005-01-06","vatID":"ESB64877202","numberOfEmployees":{"@type":"QuantitativeValue","minValue":"1","maxValue":"10"}},{"@type":"Person","@id":"https:\/\/www.bajabikes.eu\/blog\/nl\/#\/schema\/person\/9f6cc127d6bc10b22e7610bbf140f007","name":"Max van Tol","image":{"@type":"ImageObject","inLanguage":"nl","@id":"https:\/\/secure.gravatar.com\/avatar\/02c54aed38de4b6f52a6d10f84202e1ff0b578145ead6134b89a61d8df0e0862?s=96&d=mm&r=g","url":"https:\/\/secure.gravatar.com\/avatar\/02c54aed38de4b6f52a6d10f84202e1ff0b578145ead6134b89a61d8df0e0862?s=96&d=mm&r=g","contentUrl":"https:\/\/secure.gravatar.com\/avatar\/02c54aed38de4b6f52a6d10f84202e1ff0b578145ead6134b89a61d8df0e0862?s=96&d=mm&r=g","caption":"Max van Tol"},"description":"Max heeft een diepe interesse in buitenlandse bestemmingen en weet deze passie om te zetten in levendige blogs. Met een scherp oog voor detail en een creatieve pen, neemt hij de lezers mee op een reis naar de meest unieke en prachtige plekken ter wereld.","gender":"male","jobTitle":"Copywriter","url":"https:\/\/www.bajabikes.eu\/blog\/nl\/author\/max\/"}]}},"_links":{"self":[{"href":"https:\/\/www.bajabikes.eu\/blog\/nl\/wp-json\/wp\/v2\/posts\/18306","targetHints":{"allow":["GET"]}}],"collection":[{"href":"https:\/\/www.bajabikes.eu\/blog\/nl\/wp-json\/wp\/v2\/posts"}],"about":[{"href":"https:\/\/www.bajabikes.eu\/blog\/nl\/wp-json\/wp\/v2\/types\/post"}],"author":[{"embeddable":true,"href":"https:\/\/www.bajabikes.eu\/blog\/nl\/wp-json\/wp\/v2\/users\/35"}],"replies":[{"embeddable":true,"href":"https:\/\/www.bajabikes.eu\/blog\/nl\/wp-json\/wp\/v2\/comments?post=18306"}],"version-history":[{"count":0,"href":"https:\/\/www.bajabikes.eu\/blog\/nl\/wp-json\/wp\/v2\/posts\/18306\/revisions"}],"wp:featuredmedia":[{"embeddable":true,"href":"https:\/\/www.bajabikes.eu\/blog\/nl\/wp-json\/wp\/v2\/media\/18309"}],"wp:attachment":[{"href":"https:\/\/www.bajabikes.eu\/blog\/nl\/wp-json\/wp\/v2\/media?parent=18306"}],"wp:term":[{"taxonomy":"category","embeddable":true,"href":"https:\/\/www.bajabikes.eu\/blog\/nl\/wp-json\/wp\/v2\/categories?post=18306"},{"taxonomy":"post_tag","embeddable":true,"href":"https:\/\/www.bajabikes.eu\/blog\/nl\/wp-json\/wp\/v2\/tags?post=18306"}],"curies":[{"name":"wp","href":"https:\/\/api.w.org\/{rel}","templated":true}]}}